{"id":463350,"date":"2026-07-26T21:02:12","date_gmt":"2026-07-26T21:02:12","guid":{"rendered":"https:\/\/www.europesays.com\/pt\/463350\/"},"modified":"2026-07-26T21:02:12","modified_gmt":"2026-07-26T21:02:12","slug":"ana-beatriz-nogueira-e-internada-em-hospital-do-rio-de-janeiro","status":"publish","type":"post","link":"https:\/\/www.europesays.com\/pt\/463350\/","title":{"rendered":"Ana Beatriz Nogueira \u00e9 internada em hospital do Rio de Janeiro"},"content":{"rendered":"<p class=\"wp-block-paragraph\">A atriz Ana Beatriz Nogueira est\u00e1 na Cl\u00ednica S\u00e3o Vicente, no Rio de Janeiro, desde a \u00faltima sexta-feira, dia 24 de julho.<\/p>\n<p class=\"has-luminous-vivid-orange-color has-text-color has-link-color wp-elements-23c8d24934ebd6a82851705809eda15a wp-block-paragraph\"><strong><a href=\"https:\/\/chat.whatsapp.com\/FnDWEihz4meDvhNL3hsfMi\" target=\"_blank\" rel=\"noreferrer noopener nofollow\">Receba as Not\u00edcias de OFuxico em seu celular<\/a><\/strong><\/p>\n<p class=\"wp-block-paragraph\">Segundo informa\u00e7\u00f5es obtidas pela coluna F\u00e1bia Oliveira, a artista segue na unidade semi-intensiva. Apesar disso, a equipe da atriz ainda n\u00e3o divulgou o motivo da interna\u00e7\u00e3o nem atualizou o estado de sa\u00fade da famosa.<\/p>\n<p class=\"wp-block-paragraph\">No entanto, vale lembrar que Ana Beatriz convive h\u00e1 anos com esclerose m\u00faltipla. Os m\u00e9dicos fizeram o diagn\u00f3stico da doen\u00e7a autoimune em 2009.<\/p>\n<p class=\"has-luminous-vivid-orange-color has-text-color has-link-color wp-elements-3086c9c9471668844c9f4410989bc415 wp-block-paragraph\"><strong><a href=\"https:\/\/ofuxico.com.br\/noticias\/ana-beatriz-nogueira-testa-positivo-para-influenza-e-cancela-peca\/\" rel=\"nofollow noopener\" target=\"_blank\">Ana Beatriz Nogueira testa positivo para Influenza e cancela pe\u00e7a<\/a><\/strong><\/p>\n<p class=\"wp-block-paragraph\">Recentemente, a atriz fez uma participa\u00e7\u00e3o na novela Tr\u00eas Gra\u00e7as, da Rede Globo, como a ju\u00edza Nara Lobo.<\/p>\n<p class=\"has-luminous-vivid-orange-color has-text-color has-link-color wp-elements-0ef6cd259e35029f2eea9e895e856f09 wp-block-paragraph\"><strong><a href=\"https:\/\/ofuxico.com.br\/hospital\/joao-gomes-e-internado-depois-de-noite-romantica-com-ary-mirelle\/\" rel=\"nofollow noopener\" target=\"_blank\">Jo\u00e3o Gomes vai parar no hospital depois de noite rom\u00e2ntica com Ary Mirelle<\/a><\/strong><br \/><strong><a href=\"https:\/\/ofuxico.com.br\/hospital\/com-cancer-de-prostata-lito-sousa-e-internado-para-investigar-inflamacao\/\" rel=\"nofollow noopener\" target=\"_blank\">Com c\u00e2ncer de pr\u00f3stata, Lito Sousa \u00e9 internado para investigar inflama\u00e7\u00e3o<\/a><\/strong><br \/><a href=\"https:\/\/ofuxico.com.br\/hospital\/roberto-carlos-e-internado-e-passa-por-cirurgia\/\" rel=\"nofollow noopener\" target=\"_blank\"><strong>Roberto Carlos passa por cirurgia<\/strong><\/a><\/p>\n","protected":false},"excerpt":{"rendered":"A atriz Ana Beatriz Nogueira est\u00e1 na Cl\u00ednica S\u00e3o Vicente, no Rio de Janeiro, desde a \u00faltima sexta-feira,&hellip;\n","protected":false},"author":2,"featured_media":463351,"comment_status":"","ping_status":"","sticky":false,"template":"","format":"standard","meta":{"footnotes":"","_share_on_mastodon":"0"},"categories":[145],"tags":[211,210,114,115,1789,6023,13,32,33,117],"class_list":["post-463350","post","type-post","status-publish","format-standard","has-post-thumbnail","category-celebridades","tag-celebridades","tag-celebrities","tag-entertainment","tag-entretenimento","tag-hospital","tag-internacao","tag-noticias","tag-portugal","tag-pt","tag-saude"],"share_on_mastodon":{"url":"https:\/\/pubeurope.com\/@pt\/116988303777777204","error":""},"_links":{"self":[{"href":"https:\/\/www.europesays.com\/pt\/wp-json\/wp\/v2\/posts\/463350","targetHints":{"allow":["GET"]}}],"collection":[{"href":"https:\/\/www.europesays.com\/pt\/wp-json\/wp\/v2\/posts"}],"about":[{"href":"https:\/\/www.europesays.com\/pt\/wp-json\/wp\/v2\/types\/post"}],"author":[{"embeddable":true,"href":"https:\/\/www.europesays.com\/pt\/wp-json\/wp\/v2\/users\/2"}],"replies":[{"embeddable":true,"href":"https:\/\/www.europesays.com\/pt\/wp-json\/wp\/v2\/comments?post=463350"}],"version-history":[{"count":0,"href":"https:\/\/www.europesays.com\/pt\/wp-json\/wp\/v2\/posts\/463350\/revisions"}],"wp:featuredmedia":[{"embeddable":true,"href":"https:\/\/www.europesays.com\/pt\/wp-json\/wp\/v2\/media\/463351"}],"wp:attachment":[{"href":"https:\/\/www.europesays.com\/pt\/wp-json\/wp\/v2\/media?parent=463350"}],"wp:term":[{"taxonomy":"category","embeddable":true,"href":"https:\/\/www.europesays.com\/pt\/wp-json\/wp\/v2\/categories?post=463350"},{"taxonomy":"post_tag","embeddable":true,"href":"https:\/\/www.europesays.com\/pt\/wp-json\/wp\/v2\/tags?post=463350"}],"curies":[{"name":"wp","href":"https:\/\/api.w.org\/{rel}","templated":true}]}}