{"id":463370,"date":"2026-07-26T21:30:19","date_gmt":"2026-07-26T21:30:19","guid":{"rendered":"https:\/\/www.europesays.com\/pt\/463370\/"},"modified":"2026-07-26T21:30:19","modified_gmt":"2026-07-26T21:30:19","slug":"de-biquini-patricia-poeta-empina-bumbum-na-turquia","status":"publish","type":"post","link":"https:\/\/www.europesays.com\/pt\/463370\/","title":{"rendered":"De biqu\u00edni, Patr\u00edcia Poeta empina bumbum na Turquia"},"content":{"rendered":"<p>                    <img data-perfmatters-preload=\"\" width=\"1280\" height=\"720\" src=\"https:\/\/www.europesays.com\/pt\/wp-content\/uploads\/2026\/07\/Patricia-Poeta-gera-misterio-apos-publicar-declaracao-enigmatica.jpg.webp\" class=\"attachment-full size-full wp-post-image\" alt=\"\" itemprop=\"image\" decoding=\"async\"   fetchpriority=\"high\"\/>                        <\/p>\n<p>Reprodu\u00e7\u00e3o\/Internet<\/p>\n<p><strong><a href=\"https:\/\/observatoriodosfamosos.com.br\/tag\/patricia-poeta\" target=\"_blank\" rel=\"noopener nofollow\" title=\"Patr\u00edcia Poeta\">Patr\u00edcia Poeta<\/a><\/strong> est\u00e1 aproveitando muito bem suas f\u00e9rias. Neste domingo (26), a global postou uma galeria de fotos de biqu\u00edni em Bodrum, na Turquia. Em um dos registros, a apresentadora do Encontro empinou o bumbum, em outro mostrou o abd\u00f4men negativo. Os elogios foram inevit\u00e1veis.<\/p>\n<p>\u201cGata\u201d, \u201cLind\u00edssima\u201d, \u201cLivre, leve e linda\u201d, \u201cMuita beleza\u201d, \u201cBel\u00edssima\u201d, \u201cCoitado do meu cora\u00e7\u00e3o\u201d, \u201cOlha a gata mais linda da Globo\u201d, \u201cPrincesa\u201d, \u201cBelezura\u201d, \u201cUm show de mulher\u201d, foram alguns coment\u00e1rios.<\/p>\n<p><strong>LEIA AGORA<\/strong>: <a href=\"https:\/\/observatoriodosfamosos.com.br\/noticia\/barbara-borges-desmascara-xuxa-apos-ficar-de-fora-da-turne-o-ultimo-voo-da-nave\" target=\"_blank\" rel=\"noopener nofollow\" title=\"B\u00e1rbara Borges desmascara Xuxa ap\u00f3s ficar de fora da turn\u00ea O \u00daltimo Voo da Nave\">B\u00e1rbara Borges desmascara Xuxa ap\u00f3s ficar de fora da turn\u00ea O \u00daltimo Voo da Nave<\/a><\/p>\n<p>Na legenda, a global filosofou sobre o momento. \u201cEu sou filha do sol. Trago os p\u00e9s no ch\u00e3o e a alma banhada pelo mar. Eu sou filha da luz. Nada me prende, nasci para caminhar, livre por onde a vida me levar. Eu sou libriana, filha do mundo. Leve, independente e de cora\u00e7\u00e3o sempre aberto\u201d.<\/p>\n<p>Em fevereiro,<strong> Patr\u00edcia Poeta<\/strong> comentou sobre a chegada dos 50 e mostrou otimismo com o novo ciclo. \u201cN\u00e3o esperava que os meus fossem chegar t\u00e3o r\u00e1pido [risos]. Os 50 trazem uma combina\u00e7\u00e3o que adoro: maturidade, experi\u00eancia e, ao mesmo tempo, muita energia\u201d, disse.<\/p>\n<p><img loading=\"lazy\" decoding=\"async\" width=\"900\" height=\"1200\" alt=\"\" class=\"wp-image-1018758 perfmatters-lazy\" src=\"https:\/\/www.europesays.com\/pt\/wp-content\/uploads\/2026\/07\/SaveClip.App_755450850_18619216837023909_5809969831264524702_n-900x1200.jpg\"  data-\/>Patr\u00edcia Poeta. Foto: Reprodu\u00e7\u00e3o\/ Instagram<\/p>\n<p><img loading=\"lazy\" decoding=\"async\" width=\"900\" height=\"1200\" alt=\"\" class=\"wp-image-1018759 perfmatters-lazy\" src=\"https:\/\/www.europesays.com\/pt\/wp-content\/uploads\/2026\/07\/SaveClip.App_758553815_18619216873023909_3547787449113998750_n-900x1200.jpg\"  data-\/>Patr\u00edcia Poeta. Foto: Reprodu\u00e7\u00e3o\/ Instagram<\/p>\n","protected":false},"excerpt":{"rendered":"Reprodu\u00e7\u00e3o\/Internet Patr\u00edcia Poeta est\u00e1 aproveitando muito bem suas f\u00e9rias. Neste domingo (26), a global postou uma galeria de&hellip;\n","protected":false},"author":2,"featured_media":463371,"comment_status":"","ping_status":"","sticky":false,"template":"","format":"standard","meta":{"footnotes":"","_share_on_mastodon":"0"},"categories":[145],"tags":[211,210,7455,114,115,66621,10994,32,33],"class_list":["post-463370","post","type-post","status-publish","format-standard","has-post-thumbnail","category-celebridades","tag-celebridades","tag-celebrities","tag-encontro","tag-entertainment","tag-entretenimento","tag-famosas-de-biquini","tag-patricia-poeta","tag-portugal","tag-pt"],"share_on_mastodon":{"url":"https:\/\/pubeurope.com\/@pt\/116988414317087735","error":""},"_links":{"self":[{"href":"https:\/\/www.europesays.com\/pt\/wp-json\/wp\/v2\/posts\/463370","targetHints":{"allow":["GET"]}}],"collection":[{"href":"https:\/\/www.europesays.com\/pt\/wp-json\/wp\/v2\/posts"}],"about":[{"href":"https:\/\/www.europesays.com\/pt\/wp-json\/wp\/v2\/types\/post"}],"author":[{"embeddable":true,"href":"https:\/\/www.europesays.com\/pt\/wp-json\/wp\/v2\/users\/2"}],"replies":[{"embeddable":true,"href":"https:\/\/www.europesays.com\/pt\/wp-json\/wp\/v2\/comments?post=463370"}],"version-history":[{"count":0,"href":"https:\/\/www.europesays.com\/pt\/wp-json\/wp\/v2\/posts\/463370\/revisions"}],"wp:featuredmedia":[{"embeddable":true,"href":"https:\/\/www.europesays.com\/pt\/wp-json\/wp\/v2\/media\/463371"}],"wp:attachment":[{"href":"https:\/\/www.europesays.com\/pt\/wp-json\/wp\/v2\/media?parent=463370"}],"wp:term":[{"taxonomy":"category","embeddable":true,"href":"https:\/\/www.europesays.com\/pt\/wp-json\/wp\/v2\/categories?post=463370"},{"taxonomy":"post_tag","embeddable":true,"href":"https:\/\/www.europesays.com\/pt\/wp-json\/wp\/v2\/tags?post=463370"}],"curies":[{"name":"wp","href":"https:\/\/api.w.org\/{rel}","templated":true}]}}