{"id":463446,"date":"2026-07-26T22:51:12","date_gmt":"2026-07-26T22:51:12","guid":{"rendered":"https:\/\/www.europesays.com\/pt\/463446\/"},"modified":"2026-07-26T22:51:12","modified_gmt":"2026-07-26T22:51:12","slug":"fatal-fury-city-of-the-wolves-temporada-3-tera-rick-strowd","status":"publish","type":"post","link":"https:\/\/www.europesays.com\/pt\/463446\/","title":{"rendered":"Fatal Fury: City of the Wolves Temporada 3 ter\u00e1 Rick Strowd"},"content":{"rendered":"<p>A <a style=\"color: #ff9900;\" href=\"https:\/\/sucodemanga.com.br\/tag\/snk\/\" target=\"_blank\" rel=\"noopener nofollow\"><strong>SNK<\/strong><\/a> anunciou o planejamento para a temporada 3 de <strong>Fatal Fury: City of<\/strong> <strong>the<\/strong> <strong>Wolves<\/strong> e os personagens para os f\u00e3s e jogadores da franquia. Come\u00e7ando com a chegada do boxeador de elite <strong>Rick<\/strong> <strong>Strowd<\/strong>, o Lobo Branco:<\/p>\n<p><strong>Rick Strowd<\/strong> fez sua primeira apari\u00e7\u00e3o em 1998 no <strong>Real Bout Fatal Fury<\/strong>, trazendo soco potencializado pelo peso do passado e uma postura chamada \u201cAgressor Style\u201d. Qualquer movimento errado e seu oponente ser\u00e1 devastado. Ele come\u00e7ou sua carreira nos cassinos em lutas de exibi\u00e7\u00e3o at\u00e9 conquistar o auge mundial. Mas ele n\u00e3o vai ficar parado com a chegada de um novo torneio King of Fighters, e os punhos que quebram presas de lobo est\u00e3o afiados.<\/p>\n<p>A chegada de Rick tamb\u00e9m traz novidades no Modo de Epis\u00f3dios de South Town, aonde o campe\u00e3o est\u00e1 passando um dia de folga\u2026 e no Modo Arcade, em que Rick perdeu o rumo ap\u00f3s uma doen\u00e7a de sua esposa que nem os m\u00e9dicos mais graduados conseguem encontrar a causa e a cura. Dessa forma, ele desconfia que o Torneio de King of Fighters tem algo relacionado a isso.<\/p>\n<p><strong>Rick<\/strong> <strong>Strowd<\/strong> chegou no dia 23 de julho para todos os consoles com a Temporada 3 \u2013 <strong>Destined<\/strong> <strong>for Revenge<\/strong> que a cada m\u00eas trar\u00e1 um lutador novo e suas motiva\u00e7\u00f5es para South Town. Garanta j\u00e1 seu <strong>Fatal Fury: City of the Wolves<\/strong> na plataforma que mais lhe conv\u00e9m <a style=\"color: #ff9900;\" href=\"https:\/\/www.snk-corp.co.jp\/us\/games\/fatalfury-cotw\/\" target=\"_blank\" rel=\"noopener nofollow\">aqui<\/a>.<\/p>\n","protected":false},"excerpt":{"rendered":"A SNK anunciou o planejamento para a temporada 3 de Fatal Fury: City of the Wolves e os&hellip;\n","protected":false},"author":2,"featured_media":463447,"comment_status":"","ping_status":"","sticky":false,"template":"","format":"standard","meta":{"footnotes":"","_share_on_mastodon":"0"},"categories":[84],"tags":[109,107,108,2205,62157,62158,3629,6265,6266,32,33,105,103,104,74512,106,110,3013],"class_list":["post-463446","post","type-post","status-publish","format-standard","has-post-thumbnail","category-ciencia-e-tecnologia","tag-ciencia","tag-ciencia-e-tecnologia","tag-cienciaetecnologia","tag-epic-games-store","tag-fatal-fury","tag-fatal-fury-city-of-the-wolves","tag-pc","tag-playstation-4","tag-playstation-5","tag-portugal","tag-pt","tag-science","tag-science-and-technology","tag-scienceandtechnology","tag-snk","tag-technology","tag-tecnologia","tag-xbox-series-xs"],"share_on_mastodon":{"url":"https:\/\/pubeurope.com\/@pt\/116988732237791891","error":""},"_links":{"self":[{"href":"https:\/\/www.europesays.com\/pt\/wp-json\/wp\/v2\/posts\/463446","targetHints":{"allow":["GET"]}}],"collection":[{"href":"https:\/\/www.europesays.com\/pt\/wp-json\/wp\/v2\/posts"}],"about":[{"href":"https:\/\/www.europesays.com\/pt\/wp-json\/wp\/v2\/types\/post"}],"author":[{"embeddable":true,"href":"https:\/\/www.europesays.com\/pt\/wp-json\/wp\/v2\/users\/2"}],"replies":[{"embeddable":true,"href":"https:\/\/www.europesays.com\/pt\/wp-json\/wp\/v2\/comments?post=463446"}],"version-history":[{"count":0,"href":"https:\/\/www.europesays.com\/pt\/wp-json\/wp\/v2\/posts\/463446\/revisions"}],"wp:featuredmedia":[{"embeddable":true,"href":"https:\/\/www.europesays.com\/pt\/wp-json\/wp\/v2\/media\/463447"}],"wp:attachment":[{"href":"https:\/\/www.europesays.com\/pt\/wp-json\/wp\/v2\/media?parent=463446"}],"wp:term":[{"taxonomy":"category","embeddable":true,"href":"https:\/\/www.europesays.com\/pt\/wp-json\/wp\/v2\/categories?post=463446"},{"taxonomy":"post_tag","embeddable":true,"href":"https:\/\/www.europesays.com\/pt\/wp-json\/wp\/v2\/tags?post=463446"}],"curies":[{"name":"wp","href":"https:\/\/api.w.org\/{rel}","templated":true}]}}