{"id":464115,"date":"2026-07-27T14:32:17","date_gmt":"2026-07-27T14:32:17","guid":{"rendered":"https:\/\/www.europesays.com\/pt\/464115\/"},"modified":"2026-07-27T14:32:17","modified_gmt":"2026-07-27T14:32:17","slug":"luciana-gimenez-celebra-aniversario-de-83-anos-de-mick-jagger-celebridades","status":"publish","type":"post","link":"https:\/\/www.europesays.com\/pt\/464115\/","title":{"rendered":"Luciana Gimenez celebra anivers\u00e1rio de 83 anos de Mick Jagger | Celebridades"},"content":{"rendered":"<p>                                        Mick Jagger, Luciana Gimenez e Lucas &#8211; Reprodu\u00e7\u00e3o do Instagram<\/p>\n<p class=\"content-media__description\">Mick Jagger, Luciana Gimenez e LucasReprodu\u00e7\u00e3o do Instagram<\/p>\n<p>                            Publicado 27\/07\/2026 09:31\n                    <\/p>\n<p>                    Rio &#8211;\u00a0Vocalista da banda The Rolling Stones, Mick Jagger completou 83 anos, neste domingo (26), e ganhou uma homenagem de<a href=\"https:\/\/odia.ig.com.br\/diversao\/celebridades\/2026\/05\/7248014-luciana-gimenez-diz-que-os-filhos-nao-recebem-pensao-nunca-terceirizei-minha-sobrevivencia.html\" rel=\"nofollow noopener\" target=\"_blank\">\u00a0Luciana Gimenez<\/a> por meio das redes sociais. A apresentadora publicou uma foto ao lado do artista e do filho deles, Lucas Jagger, e escreveu: &#8220;Feliz anivers\u00e1rio, querido&#8221;.<\/p>\n<p>        &#13;<br \/>\n            fotogaleria&#13;<br \/>\n            &#13;<\/p>\n<p>                                <img decoding=\"async\" width=\"1920\" alt=\"Mick Jagger e o filho, Lucas - Reprodu\u00e7\u00e3o do Instagram\" class=\"lazyload\" src=\"https:\/\/www.europesays.com\/pt\/wp-content\/uploads\/2026\/07\/saveclip_app_755287168_1627287652075923_5686371526495583258_naaaa-39134096.jpg\"\/><\/p>\n<p>                                <img decoding=\"async\" width=\"1920\" alt=\"Mick Jagger, Luciana Gimenez e Lucas - Reprodu\u00e7\u00e3o do Instagram\" class=\"lazyload\" src=\"https:\/\/www.europesays.com\/pt\/wp-content\/uploads\/2026\/07\/saveclip_app_755287168_1627287652075923_5686371526495583258_naa-39134049.jpg\"\/><\/p>\n<p>Lucas, de 27 anos,\u00a0tamb\u00e9m parabenizou o pai ao publicar um clique ao lado dele no Instagram Stories. &#8220;Happy birthday, Dadda\u00a0(Feliz anivers\u00e1rio, papai)&#8221;, felicitou ele, que atualmente mora\u00a0em Nova York, nos Estados Unidos, <a href=\"https:\/\/odia.ig.com.br\/diversao\/celebridades\/2024\/05\/6846425-luciana-gimenez-celebra-formatura-do-filho-com-mick-jagger-orgulho-tao-grande.html\" rel=\"nofollow noopener\" target=\"_blank\">onde se formou em Artes Liter\u00e1rias pela Universidade de Nova York (NYU).\u00a0<\/a><\/p>\n<p>Luciana e Mick tiveram um r\u00e1pido\u00a0envolvimento no final dos anos 90, e em 1999 nasceu Lucas.\u00a0Al\u00e9m do primog\u00eanito, Luciana \u00e9 m\u00e3e de Lorenzo, fruto de seu antigo casamento com Marcelo de Carvalho.<\/p>\n<p>\u00a0<\/p>\n<p>\u00a0<\/p>\n","protected":false},"excerpt":{"rendered":"Mick Jagger, Luciana Gimenez e Lucas &#8211; Reprodu\u00e7\u00e3o do Instagram Mick Jagger, Luciana Gimenez e LucasReprodu\u00e7\u00e3o do Instagram&hellip;\n","protected":false},"author":2,"featured_media":464116,"comment_status":"","ping_status":"","sticky":false,"template":"","format":"standard","meta":{"footnotes":"","_share_on_mastodon":"0"},"categories":[145],"tags":[74636,211,210,114,115,1852,1854,1853,32,33],"class_list":["post-464115","post","type-post","status-publish","format-standard","has-post-thumbnail","category-celebridades","tag-aniversaro","tag-celebridades","tag-celebrities","tag-entertainment","tag-entretenimento","tag-lucas-jagger","tag-luciana-gimenez","tag-mick-jagger","tag-portugal","tag-pt"],"share_on_mastodon":{"url":"https:\/\/pubeurope.com\/@pt\/116992433054896463","error":""},"_links":{"self":[{"href":"https:\/\/www.europesays.com\/pt\/wp-json\/wp\/v2\/posts\/464115","targetHints":{"allow":["GET"]}}],"collection":[{"href":"https:\/\/www.europesays.com\/pt\/wp-json\/wp\/v2\/posts"}],"about":[{"href":"https:\/\/www.europesays.com\/pt\/wp-json\/wp\/v2\/types\/post"}],"author":[{"embeddable":true,"href":"https:\/\/www.europesays.com\/pt\/wp-json\/wp\/v2\/users\/2"}],"replies":[{"embeddable":true,"href":"https:\/\/www.europesays.com\/pt\/wp-json\/wp\/v2\/comments?post=464115"}],"version-history":[{"count":0,"href":"https:\/\/www.europesays.com\/pt\/wp-json\/wp\/v2\/posts\/464115\/revisions"}],"wp:featuredmedia":[{"embeddable":true,"href":"https:\/\/www.europesays.com\/pt\/wp-json\/wp\/v2\/media\/464116"}],"wp:attachment":[{"href":"https:\/\/www.europesays.com\/pt\/wp-json\/wp\/v2\/media?parent=464115"}],"wp:term":[{"taxonomy":"category","embeddable":true,"href":"https:\/\/www.europesays.com\/pt\/wp-json\/wp\/v2\/categories?post=464115"},{"taxonomy":"post_tag","embeddable":true,"href":"https:\/\/www.europesays.com\/pt\/wp-json\/wp\/v2\/tags?post=464115"}],"curies":[{"name":"wp","href":"https:\/\/api.w.org\/{rel}","templated":true}]}}