{"id":464235,"date":"2026-07-27T16:14:17","date_gmt":"2026-07-27T16:14:17","guid":{"rendered":"https:\/\/www.europesays.com\/pt\/464235\/"},"modified":"2026-07-27T16:14:17","modified_gmt":"2026-07-27T16:14:17","slug":"multimilionario-que-quer-vencer-o-envelhecimento-diz-ter-criado-um-clone-de-si","status":"publish","type":"post","link":"https:\/\/www.europesays.com\/pt\/464235\/","title":{"rendered":"Multimilion\u00e1rio que quer vencer o envelhecimento diz ter criado um &#8220;clone&#8221; de si"},"content":{"rendered":"<p>O multimilion\u00e1rio obcecado com a longevidade anunciou que criou um clone de si pr\u00f3prio. Ser\u00e1 que isto \u00e9 poss\u00edvel?<\/p>\n<p><a target=\"_blank\" href=\"https:\/\/pplware.sapo.pt\/wp-content\/uploads\/2026\/07\/bryan-johnson00.jpg\" onclick=\"refreshIframe()\" class=\"foobox\" rel=\"nofollow noopener\"><img fetchpriority=\"high\" decoding=\"async\" src=\"https:\/\/www.europesays.com\/pt\/wp-content\/uploads\/2026\/07\/bryan-johnson00-720x405.jpg\" alt=\"\" width=\"720\" height=\"405\" class=\"aligncenter size-medium wp-image-1132194\"  \/><\/a>\n<\/p>\n<p>Bryan Johnson disse que criou um clone de si mesmo<\/p>\n<p>Numa publica\u00e7\u00e3o no X, <a target=\"_blank\" href=\"https:\/\/x.com\/bryan_johnson\/status\/2079672688034083030\" rel=\"nofollow\">Bryan Johnson<\/a> escreveu que tinha acabado de se &#8220;clonar como um rec\u00e9m-nascido&#8221;.<\/p>\n<p>Segundo o empres\u00e1rio, esta <strong>r\u00e9plica em laborat\u00f3rio<\/strong>, a que chamou &#8220;baby-Bryan&#8221;, poder\u00e1 servir v\u00e1rios prop\u00f3sitos, desde tornar-se o seu pr\u00f3prio &#8220;dador de sangue jovem&#8221; at\u00e9 permitir testar terapias, desenvolver novos tratamentos e, no futuro, cultivar \u00f3rg\u00e3os para transplante.<\/p>\n<p>Reconhecendo que a ideia possa soar &#8220;dist\u00f3pica&#8221; para muita gente, Johnson defendeu que <strong>representa o &#8220;futuro inevit\u00e1vel da sa\u00fade&#8221;<\/strong>.<\/p>\n<p>O empres\u00e1rio, de 48 anos, j\u00e1 \u00e9 conhecido por gastar milh\u00f5es de d\u00f3lares por ano no projeto Blueprint, uma <strong>tentativa de travar o envelhecimento do pr\u00f3prio corpo<\/strong>.<\/p>\n<p>Curiosamente, o an\u00fancio surge poucas semanas depois de o multimilion\u00e1rio <a target=\"_blank\" href=\"https:\/\/pplware.sapo.pt\/ciencia\/multimilionario-que-queria-vencer-o-envelhecimento-foi-diagnosticado-com-uma-doenca-autoimune\/\" rel=\"nofollow noopener\">ter revelado<\/a> publicamente que foi <strong>diagnosticado com gastrite autoimune<\/strong>, uma doen\u00e7a incur\u00e1vel que afeta a produ\u00e7\u00e3o de \u00e1cido no est\u00f4mago.<\/p>\n<blockquote class=\"tw-align-center twitter-tweet\">\n<p lang=\"en\" dir=\"ltr\">I just cloned myself&#8230;as a newborn<\/p>\n<p>With this clone, I can:<\/p>\n<p>+ become my own blood boy<br \/>\n+ test therapies on the clone<br \/>\n+ grow organs for transplantation<br \/>\n+ develop new treatments<br \/>\n+ inject young cells<\/p>\n<p>This baby-bryan lives in a petri dish for now.<\/p>\n<p>This may be scary to some\u2026 <a target=\"_blank\" href=\"https:\/\/t.co\/Ved8ij9Col\" rel=\"nofollow\">pic.twitter.com\/Ved8ij9Col<\/a><\/p>\n<p>\u2014 Bryan Johnson (@bryan_johnson) <a target=\"_blank\" href=\"https:\/\/x.com\/bryan_johnson\/status\/2079672688034083030?ref_src=twsrc%5Etfw\" rel=\"nofollow\">July 21, 2026<\/a><\/p>\n<\/blockquote>\n<p>A ci\u00eancia por detr\u00e1s do clone<\/p>\n<p>Apesar do termo escolhido, n\u00e3o existe qualquer beb\u00e9, embri\u00e3o ou segunda vers\u00e3o de <a target=\"_blank\" href=\"https:\/\/pplware.sapo.pt\/tag\/bryan-johnson\/\" rel=\"nofollow noopener\">Bryan Johnson<\/a> a crescer num laborat\u00f3rio. Ou seja, <strong>n\u00e3o existe literalmente um clone<\/strong>.<\/p>\n<p>Na mesma publica\u00e7\u00e3o, o pr\u00f3prio explicou que recolheu uma amostra de sangue, extraiu c\u00e9lulas e submeteu-as a &#8220;fatores de Yamanaka&#8221;, um conjunto de quatro prote\u00ednas capazes de <strong>reprogramar c\u00e9lulas adultas, devolvendo-as a um estado semelhante ao embrion\u00e1rio<\/strong>.<\/p>\n<p>Esta t\u00e9cnica tem um nome: c\u00e9lulas estaminais pluripotentes induzidas, ou induced pluripotent stem cells (<strong>iPSC<\/strong>); e foi desenvolvida na d\u00e9cada de 2000 pelo investigador japon\u00eas Shinya Yamanaka, distin\u00e7\u00e3o que lhe valeu o Pr\u00e9mio Nobel da Fisiologia ou Medicina <a target=\"_blank\" href=\"https:\/\/www.nobelprize.org\/prizes\/medicine\/2012\/summary\/\" rel=\"nofollow noopener\">em 2012<\/a>.<\/p>\n<p>Na pr\u00e1tica, as c\u00e9lulas tornam-se pluripotentes, ou seja, <strong>ganham a capacidade de se diferenciar em praticamente qualquer tipo de c\u00e9lula do corpo humano<\/strong>, desde neur\u00f3nios, c\u00e9lulas card\u00edacas e c\u00e9lulas da retina, at\u00e9 outras.<\/p>\n<p>Com este trunfo, o multimilion\u00e1rio espera, um dia, <strong>usar essa versatilidade para reparar \u00f3rg\u00e3os danificados<\/strong>, com a vantagem de serem geneticamente id\u00eanticas \u00e0s suas, reduzindo o risco de rejei\u00e7\u00e3o.<\/p>\n<p><a target=\"_blank\" href=\"https:\/\/pplware.sapo.pt\/wp-content\/uploads\/2026\/07\/iPSC.jpg\" onclick=\"refreshIframe()\" class=\"foobox\" rel=\"nofollow noopener\"><img loading=\"lazy\" decoding=\"async\" aria-describedby=\"caption-attachment-1132199\" src=\"https:\/\/www.europesays.com\/pt\/wp-content\/uploads\/2026\/07\/iPSC-720x405.jpg\" alt=\"As c\u00e9lulas estaminais pluripotentes induzidas, ou induced pluripotent stem cells (iPSC); s\u00e3o uma t\u00e9cnica desenvolvida na d\u00e9cada de 2000 pelo investigador japon\u00eas Shinya Yamanaka, distin\u00e7\u00e3o que lhe valeu o Pr\u00e9mio Nobel da Fisiologia ou Medicina em 2012.\" width=\"720\" height=\"405\" class=\"wp-image-1132199 size-medium\"  \/><\/a><\/p>\n<p id=\"caption-attachment-1132199\" class=\"wp-caption-text\">Como as c\u00e9lulas iPS s\u00e3o utilizadas na medicina regenerativa, na descoberta de medicamentos e na investiga\u00e7\u00e3o de mecanismos patol\u00f3gicos.<\/p>\n<p>Estar\u00e1 o multimilion\u00e1rio a pedir demais?<\/p>\n<p>A tecnologia de iPSC j\u00e1 est\u00e1 a ser usada, de facto, em <strong>ensaios cl\u00ednicos<\/strong>, nomeadamente para tentar restaurar neur\u00f3nios relacionados com a doen\u00e7a de Parkinson ou regenerar tecido card\u00edaco e da retina.<\/p>\n<p>Contudo, a promessa de cultivar \u00f3rg\u00e3os completos a partir destas c\u00e9lulas \u00e9 mais <strong>especulativa<\/strong>. At\u00e9 hoje, a <strong>ci\u00eancia ainda n\u00e3o conseguiu desenvolver uma t\u00e9cnica fi\u00e1vel<\/strong> para produzir \u00f3rg\u00e3os funcionais desta forma.<\/p>\n<p>De facto, ainda que existam experi\u00eancias promissoras, como o crescimento de rins humanos em fase inicial dentro de porcos, <strong>nenhuma chegou perto de uma transplanta\u00e7\u00e3o real<\/strong>. Ali\u00e1s, os testes foram interrompidos ainda na fase embrion\u00e1ria do \u00f3rg\u00e3o.<\/p>\n<p>\t\t\t\t\t\t<script async src=\"https:\/\/platform.twitter.com\/widgets.js\" charset=\"utf-8\"><\/script><\/p>\n","protected":false},"excerpt":{"rendered":"O multimilion\u00e1rio obcecado com a longevidade anunciou que criou um clone de si pr\u00f3prio. Ser\u00e1 que isto \u00e9&hellip;\n","protected":false},"author":2,"featured_media":464236,"comment_status":"","ping_status":"","sticky":false,"template":"","format":"standard","meta":{"footnotes":"","_share_on_mastodon":"0"},"categories":[50],"tags":[27,28,71436,61387,15,16,14,25,26,4589,21,22,62,12,13,19,20,23,24,17,18,29,30,31,63,64,65],"class_list":["post-464235","post","type-post","status-publish","format-standard","has-post-thumbnail","category-mundo","tag-breaking-news","tag-breakingnews","tag-bryan-johnson","tag-clone","tag-featured-news","tag-featurednews","tag-headlines","tag-latest-news","tag-latestnews","tag-longevidade","tag-main-news","tag-mainnews","tag-mundo","tag-news","tag-noticias","tag-noticias-principais","tag-noticiasprincipais","tag-principais-noticias","tag-principaisnoticias","tag-top-stories","tag-topstories","tag-ultimas","tag-ultimas-noticias","tag-ultimasnoticias","tag-world","tag-world-news","tag-worldnews"],"share_on_mastodon":{"url":"https:\/\/pubeurope.com\/@pt\/116992833927316891","error":""},"_links":{"self":[{"href":"https:\/\/www.europesays.com\/pt\/wp-json\/wp\/v2\/posts\/464235","targetHints":{"allow":["GET"]}}],"collection":[{"href":"https:\/\/www.europesays.com\/pt\/wp-json\/wp\/v2\/posts"}],"about":[{"href":"https:\/\/www.europesays.com\/pt\/wp-json\/wp\/v2\/types\/post"}],"author":[{"embeddable":true,"href":"https:\/\/www.europesays.com\/pt\/wp-json\/wp\/v2\/users\/2"}],"replies":[{"embeddable":true,"href":"https:\/\/www.europesays.com\/pt\/wp-json\/wp\/v2\/comments?post=464235"}],"version-history":[{"count":0,"href":"https:\/\/www.europesays.com\/pt\/wp-json\/wp\/v2\/posts\/464235\/revisions"}],"wp:featuredmedia":[{"embeddable":true,"href":"https:\/\/www.europesays.com\/pt\/wp-json\/wp\/v2\/media\/464236"}],"wp:attachment":[{"href":"https:\/\/www.europesays.com\/pt\/wp-json\/wp\/v2\/media?parent=464235"}],"wp:term":[{"taxonomy":"category","embeddable":true,"href":"https:\/\/www.europesays.com\/pt\/wp-json\/wp\/v2\/categories?post=464235"},{"taxonomy":"post_tag","embeddable":true,"href":"https:\/\/www.europesays.com\/pt\/wp-json\/wp\/v2\/tags?post=464235"}],"curies":[{"name":"wp","href":"https:\/\/api.w.org\/{rel}","templated":true}]}}