{"id":464267,"date":"2026-07-27T16:41:16","date_gmt":"2026-07-27T16:41:16","guid":{"rendered":"https:\/\/www.europesays.com\/pt\/464267\/"},"modified":"2026-07-27T16:41:16","modified_gmt":"2026-07-27T16:41:16","slug":"mundo-dos-realities-em-choque-um-dos-casais-mais-queridos-anuncia-separacao-nunca-imaginei-big-brother-verao-2026-ultimas-noticias-videos-e-diretos","status":"publish","type":"post","link":"https:\/\/www.europesays.com\/pt\/464267\/","title":{"rendered":"Mundo dos realities em choque! Um dos casais mais queridos anuncia separa\u00e7\u00e3o: \u00abNunca imaginei\u00bb &#8211; Big Brother Ver\u00e3o 2026: \u00daltimas Not\u00edcias, V\u00eddeos e Diretos"},"content":{"rendered":"<p data-end=\"415\" data-start=\"107\">Foi <a href=\"https:\/\/tvi.iol.pt\/bigbrother\/daniel-gregorio\/carolina-berardinelli\/apos-separacao-de-liliana-filipa-daniel-gregorio-reencontra-o-amor-saiba-quem-e-a-nova-namorada-do-ex-concorrente\" rel=\"nofollow noopener\" target=\"_blank\">uma das hist\u00f3rias de amor mais marcantes<\/a> da edi\u00e7\u00e3o de 2026 de Married at First Sight Australia, mas chegou agora ao fim. Stella Mickunaite e Filip Gregov, considerados por muitos f\u00e3s como o grande casal de sucesso da temporada, anunciaram a separa\u00e7\u00e3o, apanhando os seguidores completamente de surpresa.<\/p>\n<p data-end=\"580\" data-start=\"417\">A not\u00edcia foi avan\u00e7ada por Stella Mickunaite, atrav\u00e9s de uma longa publica\u00e7\u00e3o nas redes sociais, onde revelou que foi Filip quem <a href=\"https:\/\/tvi.iol.pt\/bigbrother\/catarina-miranda\/afonso-leitao\/apos-termino-polemico-catarina-miranda-continua-a-manter-afonso-leitao-na-sua-vida-este-e-o-detalhe-que-nao-escapa\" rel=\"nofollow noopener\" target=\"_blank\">colocou um ponto final na rela\u00e7\u00e3o<\/a>: &#8220;<strong data-end=\"687\" data-start=\"583\">Nunca imaginei que viria a escrever algo assim, mas sinto que \u00e9 importante partilhar a minha verdade<\/strong>&#8220;, come\u00e7ou por escrever.<\/p>\n<p data-end=\"882\" data-start=\"713\">Na publica\u00e7\u00e3o, Stella confessou que acreditava que ambos estavam a construir um futuro em conjunto e que a decis\u00e3o do ex-companheiro a deixou completamente surpreendida.<\/p>\n<blockquote data-end=\"1110\" data-start=\"884\">\n<p data-end=\"1110\" data-start=\"886\">&#8220;O Filip terminou a nossa rela\u00e7\u00e3o. Embora seja evidente que j\u00e1 andava a processar essa decis\u00e3o h\u00e1 algum tempo, eu acreditava genuinamente que est\u00e1vamos a caminhar para o mesmo futuro. Fui completamente apanhada de surpresa.&#8221;<\/p>\n<p data-end=\"1110\" data-start=\"886\"><img loading=\"lazy\" decoding=\"async\" alt=\"\" height=\"601\" src=\"https:\/\/www.europesays.com\/pt\/wp-content\/uploads\/2026\/07\/6a671e18d34ef04b4f3f91e3.webp\" width=\"345\"\/><\/p>\n<\/blockquote>\n<p data-end=\"1346\" data-start=\"1112\">A antiga participante do programa aproveitou ainda para esclarecer uma das quest\u00f5es mais comentadas pelos f\u00e3s. Segundo Stella, ao contr\u00e1rio do que foi transmitido no reality show, a decis\u00e3o de se mudar para Melbourne j\u00e1 estava tomada.<\/p>\n<p data-end=\"1581\" data-start=\"1348\">&#8220;Tinha um neg\u00f3cio que constru\u00ed ao longo de v\u00e1rios anos, por isso n\u00e3o era t\u00e3o simples como fazer as malas e partir. Precisava de alguns meses para concluir tudo, resolver contratos e deixar tudo organizado antes da mudan\u00e7a&#8221;, explicou.<\/p>\n<p data-end=\"1831\" data-start=\"1583\">Stella revelou ainda que via essa mudan\u00e7a como um passo natural para o casal, uma vez que Melbourne oferecia mais apoio familiar, melhores oportunidades profissionais para Filip e seria um local mais acess\u00edvel para constru\u00edrem uma vida em conjunto.<\/p>\n<p data-end=\"2034\" data-start=\"1833\">&#8220;<strong data-end=\"2021\" data-start=\"1834\">Sempre fui realista em rela\u00e7\u00e3o ao meu rel\u00f3gio biol\u00f3gico e formar uma fam\u00edlia \u00e9 algo que desejo h\u00e1 muito tempo. Acreditava sinceramente que est\u00e1vamos a tomar essas decis\u00f5es em conjunto<\/strong>&#8220;, confessou.<\/p>\n<p data-end=\"2096\" data-start=\"2036\">No entanto, os planos acabaram por ruir de forma inesperada &#8220;<strong data-end=\"2166\" data-start=\"2101\">Em vez disso, recebi um telefonema a p\u00f4r fim \u00e0 nossa rela\u00e7\u00e3o.<\/strong>&#8221; Na emotiva mensagem, Stella n\u00e3o escondeu a dor que est\u00e1 a viver.<\/p>\n<p data-end=\"2565\" data-start=\"2235\">&#8220;<strong data-end=\"2553\" data-start=\"2236\">Estou de cora\u00e7\u00e3o partido, profundamente triste e, para ser sincera, incrivelmente envergonhada por algo em que acreditei de forma t\u00e3o plena n\u00e3o ter resultado como esperava. Embora respeite que cada pessoa tenha o direito de escolher o que \u00e9 melhor para si, tamb\u00e9m sinto que \u00e9 importante que os factos sejam claros<\/strong>&#8220;, escreveu.<\/p>\n<p data-end=\"2698\" data-start=\"2567\">A publica\u00e7\u00e3o terminou com um agradecimento \u00e0s in\u00fameras mensagens de apoio que tem recebido desde que a separa\u00e7\u00e3o se tornou p\u00fablica.<\/p>\n<p data-end=\"2841\" data-start=\"2700\">&#8220;<strong data-end=\"2840\" data-start=\"2701\">Obrigada a todos os que me t\u00eam demonstrado carinho e apoio. Tem significado muito mais para mim do que alguma vez conseguir\u00e3o imaginar.<\/strong>&#8220;<\/p>\n<p data-end=\"3147\" data-is-last-node=\"\" data-is-only-node=\"\" data-start=\"2843\">A separa\u00e7\u00e3o de Stella Mickunaite e Filip Gregov est\u00e1 a gerar uma enorme onda de rea\u00e7\u00f5es entre os f\u00e3s de Married at First Sight Australia, sobretudo porque eram vistos como o casal que melhor resistiu ao fim da experi\u00eancia televisiva e aquele em quem muitos acreditavam ter encontrado o verdadeiro amor.<\/p>\n","protected":false},"excerpt":{"rendered":"Foi uma das hist\u00f3rias de amor mais marcantes da edi\u00e7\u00e3o de 2026 de Married at First Sight Australia,&hellip;\n","protected":false},"author":2,"featured_media":464268,"comment_status":"","ping_status":"","sticky":false,"template":"","format":"standard","meta":{"footnotes":"","_share_on_mastodon":"0"},"categories":[85],"tags":[331,48,333,328,335,336,114,115,334,332,74648,330,338,74649,13,32,33,1509,74647,162,227],"class_list":["post-464267","post","type-post","status-publish","format-standard","has-post-thumbnail","category-entretenimento","tag-big","tag-big-brother","tag-comentadores","tag-concorrentes","tag-confrontos","tag-discussoes","tag-entertainment","tag-entretenimento","tag-exclusivos","tag-expulso","tag-filip-gregov","tag-gala","tag-maria-botelho-moniz","tag-married-at-first-sight-australia","tag-noticias","tag-portugal","tag-pt","tag-separacao","tag-stella-mickunaite","tag-tvi","tag-videos"],"share_on_mastodon":{"url":"https:\/\/pubeurope.com\/@pt\/116992940162391104","error":""},"_links":{"self":[{"href":"https:\/\/www.europesays.com\/pt\/wp-json\/wp\/v2\/posts\/464267","targetHints":{"allow":["GET"]}}],"collection":[{"href":"https:\/\/www.europesays.com\/pt\/wp-json\/wp\/v2\/posts"}],"about":[{"href":"https:\/\/www.europesays.com\/pt\/wp-json\/wp\/v2\/types\/post"}],"author":[{"embeddable":true,"href":"https:\/\/www.europesays.com\/pt\/wp-json\/wp\/v2\/users\/2"}],"replies":[{"embeddable":true,"href":"https:\/\/www.europesays.com\/pt\/wp-json\/wp\/v2\/comments?post=464267"}],"version-history":[{"count":0,"href":"https:\/\/www.europesays.com\/pt\/wp-json\/wp\/v2\/posts\/464267\/revisions"}],"wp:featuredmedia":[{"embeddable":true,"href":"https:\/\/www.europesays.com\/pt\/wp-json\/wp\/v2\/media\/464268"}],"wp:attachment":[{"href":"https:\/\/www.europesays.com\/pt\/wp-json\/wp\/v2\/media?parent=464267"}],"wp:term":[{"taxonomy":"category","embeddable":true,"href":"https:\/\/www.europesays.com\/pt\/wp-json\/wp\/v2\/categories?post=464267"},{"taxonomy":"post_tag","embeddable":true,"href":"https:\/\/www.europesays.com\/pt\/wp-json\/wp\/v2\/tags?post=464267"}],"curies":[{"name":"wp","href":"https:\/\/api.w.org\/{rel}","templated":true}]}}