{"id":464597,"date":"2026-07-27T21:29:55","date_gmt":"2026-07-27T21:29:55","guid":{"rendered":"https:\/\/www.europesays.com\/pt\/464597\/"},"modified":"2026-07-27T21:29:55","modified_gmt":"2026-07-27T21:29:55","slug":"neymar-nega-ataque-a-jovens-do-santos-nao-vou-aceitar-essas-mentiras","status":"publish","type":"post","link":"https:\/\/www.europesays.com\/pt\/464597\/","title":{"rendered":"Neymar nega ataque a jovens do Santos: \u00abN\u00e3o vou aceitar essas mentiras\u00bb"},"content":{"rendered":"<p>Neymar recorreu \u00e0s redes sociais para desmentir a not\u00edcia da Globo Esportes que dava conta que o <a href=\"https:\/\/maisfutebol.iol.pt\/brasil\/internacional\/neymar-falta-ao-respeito-a-jovens-do-santos-e-deixa-o-balneario-em-polvorosa\" rel=\"nofollow noopener\" target=\"_blank\">avan\u00e7ado tinha faltado ao respeito aos jogadores jovens do Santos<\/a>, no balne\u00e1rio, depois do empate com a Chapecoense (2-2), mas o canal brasileiro diz a not\u00edcia foi constru\u00edda com base em testemunhos cred\u00edveis e n\u00e3o recua em rela\u00e7\u00e3o \u00e0 informa\u00e7\u00e3o que tinha publicado.<\/p>\n<p>\u00abFala, rapaziada, n\u00e3o \u00e9 o domingo que quer\u00edamos, \u00e9 levantar a cabe\u00e7a e seguir trabalhando. Estou vendo que est\u00e3o saindo algumas coisas sobre que cobrei os jovens dentro do balne\u00e1rio, totalmente mentira\u00bb, disse o internacional brasileiro numa mensagem-v\u00eddeo publicada numa story do Instagram.<\/p>\n<p>Um assunto que deixou Neymar incomodado, uma vez que, passado poucos minutos, recuperou o tema com mais uma publica\u00e7\u00e3o nas redes sociais, garantindo que a conversa no balne\u00e1rio foi dirigida ao grupo e nunca focada nos jogadores mais jovens.<\/p>\n<p>\u00abQuem passou isso, por favor, n\u00e3o fa\u00e7a isso, n\u00e3o fa\u00e7a isso, n\u00e3o minta, pode perguntar para quem quiser, foi uma cobran\u00e7a para a equipa, conversamos, eu, Lucas [Ver\u00edssimo], Ar\u00e3o, Gabi, todos falamos ali&#8230; Braz\u00e3o, e a gente se cobrou, obviamente, porque somos competitivos e queremos ganhar, vencer, mas n\u00e3o teve cobran\u00e7a aos jovens, isso n\u00e3o vou aceitar essas mentiras\u00bb, destacou.<\/p>\n<p>Um tema que vai, naturalmente, ser destaque nos programas desportivos do Brasil e Neymar fez ainda uma terceira publica\u00e7\u00e3o sobre o mesmo assunto.<\/p>\n<p>\u00abSe tiver que cobrar dentro do balne\u00e1rio, independente de quem seja, \u00e9 normal de um grupo que quer vencer. Voc\u00eas que est\u00e3o a fazer essas not\u00edcias mal-intencionadas e mentirosas, n\u00e3o sabem de nada. N\u00e3o sabem o que \u00e9 futebol e n\u00e3o participaram, e nunca fizeram parte de um plantel\u00bb, destacou ainda o jogador de 34 anos.<\/p>\n","protected":false},"excerpt":{"rendered":"Neymar recorreu \u00e0s redes sociais para desmentir a not\u00edcia da Globo Esportes que dava conta que o avan\u00e7ado&hellip;\n","protected":false},"author":2,"featured_media":464598,"comment_status":"","ping_status":"","sticky":false,"template":"","format":"standard","meta":{"footnotes":"","_share_on_mastodon":"0"},"categories":[87],"tags":[726,135,74693,753,82,46,1996,32,33,47,7982,134],"class_list":["post-464597","post","type-post","status-publish","format-standard","has-post-thumbnail","category-desporto","tag-brasil","tag-desporto","tag-formacao-do-santos","tag-globo","tag-internacional","tag-maisfutebol","tag-neymar","tag-portugal","tag-pt","tag-pura-paixao","tag-santos","tag-sports"],"share_on_mastodon":{"url":"https:\/\/pubeurope.com\/@pt\/116994075720512157","error":""},"_links":{"self":[{"href":"https:\/\/www.europesays.com\/pt\/wp-json\/wp\/v2\/posts\/464597","targetHints":{"allow":["GET"]}}],"collection":[{"href":"https:\/\/www.europesays.com\/pt\/wp-json\/wp\/v2\/posts"}],"about":[{"href":"https:\/\/www.europesays.com\/pt\/wp-json\/wp\/v2\/types\/post"}],"author":[{"embeddable":true,"href":"https:\/\/www.europesays.com\/pt\/wp-json\/wp\/v2\/users\/2"}],"replies":[{"embeddable":true,"href":"https:\/\/www.europesays.com\/pt\/wp-json\/wp\/v2\/comments?post=464597"}],"version-history":[{"count":0,"href":"https:\/\/www.europesays.com\/pt\/wp-json\/wp\/v2\/posts\/464597\/revisions"}],"wp:featuredmedia":[{"embeddable":true,"href":"https:\/\/www.europesays.com\/pt\/wp-json\/wp\/v2\/media\/464598"}],"wp:attachment":[{"href":"https:\/\/www.europesays.com\/pt\/wp-json\/wp\/v2\/media?parent=464597"}],"wp:term":[{"taxonomy":"category","embeddable":true,"href":"https:\/\/www.europesays.com\/pt\/wp-json\/wp\/v2\/categories?post=464597"},{"taxonomy":"post_tag","embeddable":true,"href":"https:\/\/www.europesays.com\/pt\/wp-json\/wp\/v2\/tags?post=464597"}],"curies":[{"name":"wp","href":"https:\/\/api.w.org\/{rel}","templated":true}]}}