{"id":465083,"date":"2026-07-28T09:58:23","date_gmt":"2026-07-28T09:58:23","guid":{"rendered":"https:\/\/www.europesays.com\/pt\/465083\/"},"modified":"2026-07-28T09:58:23","modified_gmt":"2026-07-28T09:58:23","slug":"policia-de-folga-detem-homem-que-atacou-mulheres-em-paris-observador","status":"publish","type":"post","link":"https:\/\/www.europesays.com\/pt\/465083\/","title":{"rendered":"Pol\u00edcia de folga det\u00e9m homem que atacou mulheres em Paris \u2013 Observador"},"content":{"rendered":"<p>Tr\u00eas mulheres ficaram feridas, duas delas com gravidade, depois de um homem as ter atacado com duas facas de cozinha, na manh\u00e3 desta segunda-feira, na zona de Porte de Clichy, no norte de Paris. De acordo com a <a href=\"https:\/\/www.rfi.fr\/br\/fran%C3%A7a\/20260727-homem-%C3%A9-preso-por-ataque-a-faca-contra-tr%C3%AAs-mulheres-em-plena-luz-do-dia-em-paris\" rel=\"nofollow noopener\" target=\"_blank\">RFI<\/a>, o suspeito foi imobilizado e detido por um agente da pol\u00edcia francesa que estava de folga.<\/p>\n<p>O ataque ocorreu por volta das 11h30 (10h30 em Lisboa). <strong>As v\u00edtimas<\/strong>, com 19, 24 e 36 anos, <strong>foram transportadas para o hospital<\/strong>, adiantou o ministro da Administra\u00e7\u00e3o Interna franc\u00eas, Laurent Nu\u00f1ez.<\/p>\n<p>\u201cO autor foi detido por um agente da pol\u00edcia que estava fora de servi\u00e7o\u201d, afirmou Laurent Nu\u00f1ez, acrescentando que o suspeito fez \u201c<strong>declara\u00e7\u00f5es incoerentes<\/strong>\u201c. O ministro pediu, por isso, que n\u00e3o se retirem conclus\u00f5es precipitadas sobre as motiva\u00e7\u00f5es do ataque.<\/p>\n<p>O presidente da c\u00e2mara do 17.\u00ba bairro de Paris, Geoffroy Boulard, revelou, entretanto, na <a href=\"https:\/\/twitter.com\/geoffroyboulard\/status\/2081705301724533039\" rel=\"nofollow noopener\" target=\"_blank\">rede social X<\/a> que uma das tr\u00eas v\u00edtimas est\u00e1 gr\u00e1vida.<\/p>\n<blockquote class=\"twitter-tweet\" data-width=\"500\" data-dnt=\"true\">\n<p lang=\"fr\" dir=\"ltr\">???? Avenue de Clichy <a href=\"https:\/\/x.com\/hashtag\/Paris17?src=hash&amp;ref_src=twsrc%5Etfw\" rel=\"nofollow\">#Paris17<\/a> apr\u00e8s l\u2019attaque au couteau d\u2019un individu rapidement interpell\u00e9 qui a bless\u00e9 trois femmes prises en charge dans les h\u00f4pitaux dont une femme enceinte.<br \/>Je salue le sang-froid, le courage et l\u2019action imm\u00e9diate d\u2019un policier (hors service) et de passants. <a href=\"https:\/\/t.co\/egtvwykGEa\" rel=\"nofollow\">pic.twitter.com\/egtvwykGEa<\/a><\/p>\n<p>\u2014 Geoffroy Boulard (@geoffroyboulard) <a href=\"https:\/\/x.com\/geoffroyboulard\/status\/2081705301724533039?ref_src=twsrc%5Etfw\" rel=\"nofollow\">July 27, 2026<\/a><\/p>\n<\/blockquote>\n<p>Uma testemunha do ataque, Kheira Dellabed, de 54 anos, empregada de mesa, descreveu o momento da agress\u00e3o: \u201cVimos um homem passar com duas facas e esfaquear tr\u00eas pessoas. Depois, um jovem com uma pequena mala bateu-lhe com a bagagem, <strong>fazendo-o cair no ch\u00e3o<\/strong>\u201c. Segundo a mesma testemunha, um empregado de mesa colocou depois uma cadeira sobre o suspeito para o imobilizar at\u00e9 \u00e0 chegada das autoridades.<\/p>\n<blockquote class=\"twitter-tweet\" data-width=\"500\" data-dnt=\"true\">\n<p lang=\"en\" dir=\"ltr\">BREAKING: Man attacks several people with knife near Porte de Clichy in Paris, France <a href=\"https:\/\/t.co\/rO6fWQ1F3T\" rel=\"nofollow\">pic.twitter.com\/rO6fWQ1F3T<\/a><\/p>\n<p>\u2014 Rapid Report (@RapidReport2025) <a href=\"https:\/\/x.com\/RapidReport2025\/status\/2081699850039558634?ref_src=twsrc%5Etfw\" rel=\"nofollow\">July 27, 2026<\/a><\/p>\n<\/blockquote>\n<p>A identidade do agressor e as raz\u00f5es do ataque <strong>continuam por esclarecer<\/strong>, tendo sido aberta uma investiga\u00e7\u00e3o ao caso pelas autoridades francesas.<\/p>\n<p><strong>[J\u00e1 saiu o terceiro epis\u00f3dio de \u201cO Candidato Perfeito\u201d. Em\u00a0<a href=\"https:\/\/observador.pt\/programas\/o-candidato-perfeito\/episodio-3-tres-cadeados-e-uma-chave\/\" rel=\"nofollow noopener\" target=\"_blank\">\u201cTr\u00eas candidatos e uma chave\u201d,<\/a>\u00a0Vicente Valbom cai a pique nas sondagens para a C\u00e2mara de Lisboa. Z\u00e9 consegue fugir dos raptores e pede ajuda a um estranho. Mas as coisas podem n\u00e3o correr como esperado. Este\u00a0novo podcast de fic\u00e7\u00e3o do Observador, em parceria com a Coyote Vadio, \u00e9 a continua\u00e7\u00e3o da hist\u00f3ria de\u00a0<a href=\"https:\/\/observador.pt\/programas\/o-ze-faz-25\/\" rel=\"nofollow noopener\" target=\"_blank\">\u201cO Z\u00e9 faz 25\u201d<\/a>. Conta com as vozes de Jos\u00e9 Raposo, Tiago Teot\u00f3nio Pereira, Madalena Almeida, Vera Moura, Paulo Calatr\u00e9, Susana Brand\u00e3o, Sara Matos, F\u00e1bio Baptista, Pedro Laginha e Carla Andrino. Pode ouvir este epis\u00f3dio no\u00a0<a href=\"https:\/\/observador.pt\/programas\/o-candidato-perfeito\/episodio-3-tres-cadeados-e-uma-chave\/\" rel=\"nofollow noopener\" target=\"_blank\">site do Observador<\/a>\u00a0e tamb\u00e9m na\u00a0<a href=\"https:\/\/podcasts.apple.com\/pt\/podcast\/epis%C3%B3dio-3-tr%C3%AAs-cadeados-e-uma-chave\/id6786870725?i=1000778093090\" rel=\"nofollow noopener\" target=\"_blank\">Apple Podcasts<\/a>, no\u00a0<a href=\"https:\/\/open.spotify.com\/episode\/2sYdDhmugmDmTQTI7wOcz8\" rel=\"nofollow noopener\" target=\"_blank\">Spotify<\/a>\u00a0e no\u00a0<a href=\"https:\/\/www.youtube.com\/watch?v=SANrJTlXVXQ\" rel=\"nofollow noopener\" target=\"_blank\">YouTube<\/a>. O primeiro e o segundo epis\u00f3dios<\/strong><strong> est\u00e3o\u00a0<a href=\"https:\/\/observador.pt\/programas\/o-candidato-perfeito\/episodio-1-sem-limites\/\" rel=\"nofollow noopener\" target=\"_blank\">aqui<\/a>\u00a0e\u00a0<a href=\"https:\/\/observador.pt\/programas\/o-candidato-perfeito\/episodio-2-camara-lenta\/\" rel=\"nofollow noopener\" target=\"_blank\">aqui<\/a><a href=\"https:\/\/www.youtube.com\/watch?v=ICtzc2Vltvs&amp;list=PLISxaPHGB-Z0&amp;index=3\" rel=\"nofollow noopener\" target=\"_blank\">.<\/a>]<br \/><a href=\"https:\/\/observador.pt\/programas\/o-candidato-perfeito\/episodio-3-tres-cadeados-e-uma-chave\/\" rel=\"nofollow noopener\" target=\"_blank\"><\/p>\n<p>        <img src=\"https:\/\/www.europesays.com\/pt\/wp-content\/uploads\/2026\/07\/1785232703_189_770-o-candidato-perfeito-play.jpg\" alt=\"\" loading=\"lazy\" decoding=\"async\" class=\"alignnone\" onload=\"this.parentElement.classList.remove('spinner')\" onerror=\"this.parentElement.classList.remove('spinner')\" width=\"770\" height=\"433\"\/>    <\/p>\n<p><\/a><\/strong><\/p>\n<p>            <script async src=\"https:\/\/platform.twitter.com\/widgets.js\" charset=\"utf-8\"><\/script><\/p>\n","protected":false},"excerpt":{"rendered":"Tr\u00eas mulheres ficaram feridas, duas delas com gravidade, depois de um homem as ter atacado com duas facas&hellip;\n","protected":false},"author":2,"featured_media":465084,"comment_status":"","ping_status":"","sticky":false,"template":"","format":"standard","meta":{"footnotes":"","_share_on_mastodon":"0"},"categories":[50],"tags":[27,28,604,445,15,16,2104,14,25,26,21,22,62,12,13,19,20,2458,23,24,58,17,18,29,30,31,63,64,65],"class_list":["post-465083","post","type-post","status-publish","format-standard","has-post-thumbnail","category-mundo","tag-breaking-news","tag-breakingnews","tag-crime","tag-europa","tag-featured-news","tag-featurednews","tag-franu00e7a","tag-headlines","tag-latest-news","tag-latestnews","tag-main-news","tag-mainnews","tag-mundo","tag-news","tag-noticias","tag-noticias-principais","tag-noticiasprincipais","tag-paris","tag-principais-noticias","tag-principaisnoticias","tag-sociedade","tag-top-stories","tag-topstories","tag-ultimas","tag-ultimas-noticias","tag-ultimasnoticias","tag-world","tag-world-news","tag-worldnews"],"share_on_mastodon":{"url":"https:\/\/pubeurope.com\/@pt\/116997018283291403","error":""},"_links":{"self":[{"href":"https:\/\/www.europesays.com\/pt\/wp-json\/wp\/v2\/posts\/465083","targetHints":{"allow":["GET"]}}],"collection":[{"href":"https:\/\/www.europesays.com\/pt\/wp-json\/wp\/v2\/posts"}],"about":[{"href":"https:\/\/www.europesays.com\/pt\/wp-json\/wp\/v2\/types\/post"}],"author":[{"embeddable":true,"href":"https:\/\/www.europesays.com\/pt\/wp-json\/wp\/v2\/users\/2"}],"replies":[{"embeddable":true,"href":"https:\/\/www.europesays.com\/pt\/wp-json\/wp\/v2\/comments?post=465083"}],"version-history":[{"count":0,"href":"https:\/\/www.europesays.com\/pt\/wp-json\/wp\/v2\/posts\/465083\/revisions"}],"wp:featuredmedia":[{"embeddable":true,"href":"https:\/\/www.europesays.com\/pt\/wp-json\/wp\/v2\/media\/465084"}],"wp:attachment":[{"href":"https:\/\/www.europesays.com\/pt\/wp-json\/wp\/v2\/media?parent=465083"}],"wp:term":[{"taxonomy":"category","embeddable":true,"href":"https:\/\/www.europesays.com\/pt\/wp-json\/wp\/v2\/categories?post=465083"},{"taxonomy":"post_tag","embeddable":true,"href":"https:\/\/www.europesays.com\/pt\/wp-json\/wp\/v2\/tags?post=465083"}],"curies":[{"name":"wp","href":"https:\/\/api.w.org\/{rel}","templated":true}]}}