{"id":465145,"date":"2026-07-28T10:56:50","date_gmt":"2026-07-28T10:56:50","guid":{"rendered":"https:\/\/www.europesays.com\/pt\/465145\/"},"modified":"2026-07-28T10:56:50","modified_gmt":"2026-07-28T10:56:50","slug":"parlamento-nao-vai-ouvir-luis-neves-ad-travou-audicao-observador","status":"publish","type":"post","link":"https:\/\/www.europesays.com\/pt\/465145\/","title":{"rendered":"Parlamento n\u00e3o vai ouvir Lu\u00eds Neves. AD travou audi\u00e7\u00e3o \u2013 Observador"},"content":{"rendered":"<p>Afinal, o Parlamento n\u00e3o vai ouvir, numa reuni\u00e3o extraordin\u00e1ria da Comiss\u00e3o Permanente (\u00f3rg\u00e3o que funciona enquanto os deputados est\u00e3o de f\u00e9rias), o ministro da Administra\u00e7\u00e3o Interna, Lu\u00eds Neves. O pedido tinha sido feito com car\u00e1ter de <strong>urg\u00eancia<\/strong> pela Iniciativa Liberal, mas n\u00e3o houve <strong>consenso<\/strong> entre os partidos \u2014 PSD e CDS eram contra \u2014 e o presidente da Assembleia da Rep\u00fablica, Jos\u00e9 Pedro Aguiar-Branco, acabou por indeferir o pedido dos liberais.<\/p>\n<p>Dada a matrioska de pol\u00e9micas que envolvem o ministro, das obras que fez no seu monte do Alentejo ao atrelado encontrado na empresa do <a href=\"https:\/\/observador.pt\/especiais\/as-obras-os-valores-e-os-trabalhos-a-mais-todos-os-17-contratos-da-pj-com-a-empresa-do-amigo-de-luis-neves\/\" rel=\"nofollow noopener\" target=\"_blank\">empreiteiro que foi contratado<\/a> pela a Pol\u00edcia Judici\u00e1ria, a Iniciativa Liberal tinha pedido que o ministro fosse convocado, mesmo estando o Parlamento fechado para f\u00e9rias, para ser ouvido e prestar <strong>esclarecimentos<\/strong> sobre os v\u00e1rios pontos, \u201crelativos ao exerc\u00edcio das anteriores fun\u00e7\u00f5es de Diretor Nacional da Pol\u00edcia Judici\u00e1ria\u201d.<\/p>\n<p>Aguiar-Branco tinha pedido aos partidos que se manifestassem sobre a iniciativa do partido de Mariana Leit\u00e3o at\u00e9 esta segunda-feira. E estes fizeram-no, sendo que n\u00e3o se \u201cformou consenso\u201d sobre o assunto. O retrato que o despacho de Aguiar-Branco, a que o Observador teve acesso, faz garante que s\u00f3 a IL se pronunciou \u201cfavoravelmente\u201d \u00e0 realiza\u00e7\u00e3o da reuni\u00e3o \u2014 os outros grupos parlamentares teriam \u201cmanifestaram <strong>oposi\u00e7\u00e3o<\/strong> ou declararam n\u00e3o se opor ao pedido, sem que da\u00ed resulte uma posi\u00e7\u00e3o favor\u00e1vel \u00e0 convoca\u00e7\u00e3o\u201d.<\/p>\n<p>Ao Observador, fontes que acompanharam o processo confirmaram em concreto que as bancadas que apoiam o Governo se pronunciaram contra a audi\u00e7\u00e3o \u2014 e Aguiar-Branco justifica que o consenso teria de ser \u201centendido como uma manifesta\u00e7\u00e3o favor\u00e1vel, expressa e <strong>inequ\u00edvoca<\/strong>, \u00e0 realiza\u00e7\u00e3o da reuni\u00e3o\u201d.<\/p>\n<p>Por este ser um \u00f3rg\u00e3o de compet\u00eancias \u201climitadas\u201d, uma vez que s\u00f3 funciona quando a Assembleia da Rep\u00fablica se encontra nestes per\u00edodos de pausa, o PAR considerou que seria \u201cparticularmente relevante\u201d que existisse consenso, mesmo tendo em conta que o \u00f3rg\u00e3o tem entre as suas fun\u00e7\u00f5es \u201cacompanhar a atividade do Governo e da Administra\u00e7\u00e3o\u201d. Os antecedentes do Parlamento, prossegue Aguiar-Branco, confirmam que estas reuni\u00f5es extraordin\u00e1rias, quando incluem \u201cdebates desta natureza\u201d, se t\u00eam realizado porque h\u00e1 acordo entre todas as bancadas, o que n\u00e3o existiu neste caso.<\/p>\n<p>Al\u00e9m disso, o PAR considerou que dadas as compet\u00eancias desta comiss\u00e3o n\u00e3o \u00e9 l\u00edquido que fosse poss\u00edvel <strong>obrigar<\/strong> o ministro a comparecer na reuni\u00e3o. \u201cN\u00e3o \u00e9 juridicamente seguro afirmar que a convoca\u00e7\u00e3o da reuni\u00e3o determinaria, por si s\u00f3, a compar\u00eancia obrigat\u00f3ria do Ministro da Administra\u00e7\u00e3o Interna. O Regulamento da Comiss\u00e3o Permanente n\u00e3o prev\u00ea um mecanismo equivalente ao regime aplic\u00e1vel \u00e0s audi\u00e7\u00f5es nas comiss\u00f5es parlamentares permanentes, nem densifica qualquer poder de convoca\u00e7\u00e3o vinculativa de membros do Governo\u201d.<\/p>\n<p>\u201cEsta d\u00favida assume particular relevo no caso em aprecia\u00e7\u00e3o, uma vez que o Senhor Ministro da Administra\u00e7\u00e3o Interna seria chamado a prestar esclarecimentos predominantemente sobre factos relacionados com o exerc\u00edcio <strong>anterior<\/strong> das fun\u00e7\u00f5es de Diretor Nacional da Pol\u00edcia Judici\u00e1ria, e n\u00e3o sobre atos praticados na sua atual qualidade de membro do Governo\u201d, l\u00ea-se no texto assinado pelo PAR.<\/p>\n<p>Os partidos t\u00eam exigido repetidamente explica\u00e7\u00f5es ao ministro, que ainda este fim de semana prometia que viria d\u00e1-las. No entanto, Lu\u00eds Neves n\u00e3o indicou qualquer data em concreto para fazer novas declara\u00e7\u00f5es p\u00fablicas.<\/p>\n","protected":false},"excerpt":{"rendered":"Afinal, o Parlamento n\u00e3o vai ouvir, numa reuni\u00e3o extraordin\u00e1ria da Comiss\u00e3o Permanente (\u00f3rg\u00e3o que funciona enquanto os deputados&hellip;\n","protected":false},"author":2,"featured_media":465146,"comment_status":"","ping_status":"","sticky":false,"template":"","format":"standard","meta":{"footnotes":"","_share_on_mastodon":"0"},"categories":[10],"tags":[27,28,15,16,301,14,25,26,21,22,12,13,19,20,4532,302,32,23,24,33,17,18,29,30,31],"class_list":["post-465145","post","type-post","status-publish","format-standard","has-post-thumbnail","category-portugal","tag-breaking-news","tag-breakingnews","tag-featured-news","tag-featurednews","tag-governo","tag-headlines","tag-latest-news","tag-latestnews","tag-main-news","tag-mainnews","tag-news","tag-noticias","tag-noticias-principais","tag-noticiasprincipais","tag-parlamento","tag-polu00edtica","tag-portugal","tag-principais-noticias","tag-principaisnoticias","tag-pt","tag-top-stories","tag-topstories","tag-ultimas","tag-ultimas-noticias","tag-ultimasnoticias"],"share_on_mastodon":{"url":"https:\/\/pubeurope.com\/@pt\/116997248914175036","error":""},"_links":{"self":[{"href":"https:\/\/www.europesays.com\/pt\/wp-json\/wp\/v2\/posts\/465145","targetHints":{"allow":["GET"]}}],"collection":[{"href":"https:\/\/www.europesays.com\/pt\/wp-json\/wp\/v2\/posts"}],"about":[{"href":"https:\/\/www.europesays.com\/pt\/wp-json\/wp\/v2\/types\/post"}],"author":[{"embeddable":true,"href":"https:\/\/www.europesays.com\/pt\/wp-json\/wp\/v2\/users\/2"}],"replies":[{"embeddable":true,"href":"https:\/\/www.europesays.com\/pt\/wp-json\/wp\/v2\/comments?post=465145"}],"version-history":[{"count":0,"href":"https:\/\/www.europesays.com\/pt\/wp-json\/wp\/v2\/posts\/465145\/revisions"}],"wp:featuredmedia":[{"embeddable":true,"href":"https:\/\/www.europesays.com\/pt\/wp-json\/wp\/v2\/media\/465146"}],"wp:attachment":[{"href":"https:\/\/www.europesays.com\/pt\/wp-json\/wp\/v2\/media?parent=465145"}],"wp:term":[{"taxonomy":"category","embeddable":true,"href":"https:\/\/www.europesays.com\/pt\/wp-json\/wp\/v2\/categories?post=465145"},{"taxonomy":"post_tag","embeddable":true,"href":"https:\/\/www.europesays.com\/pt\/wp-json\/wp\/v2\/tags?post=465145"}],"curies":[{"name":"wp","href":"https:\/\/api.w.org\/{rel}","templated":true}]}}