{"id":46519,"date":"2025-08-26T22:14:06","date_gmt":"2025-08-26T22:14:06","guid":{"rendered":"https:\/\/www.europesays.com\/pt\/46519\/"},"modified":"2025-08-26T22:14:06","modified_gmt":"2025-08-26T22:14:06","slug":"oficial-bruno-varela-deixa-o-v-guimaraes-e-ruma-a-arabia-saudita-o-jogo","status":"publish","type":"post","link":"https:\/\/www.europesays.com\/pt\/46519\/","title":{"rendered":"Oficial: Bruno Varela deixa o V. Guimar\u00e3es e ruma \u00e0 Ar\u00e1bia Saudita &#8211; O Jogo"},"content":{"rendered":"<ol>\n<li><a href=\"https:\/\/news.google.com\/rss\/articles\/CBMinAFBVV95cUxQcm8zTkhXOVdzMXlNVldvZVFKN3VIMWlzd240ZUN5dzZEOE90S0JyenI1WVAxYXNzWm5URTNQNlkxcU1XbDVZMlU2WXA2X1ZlWVJIZFN6dkI3LWhrSy1IZHhZWFZqU1F0cEM3b21KYjFHdVlaZHpXUlNySXFuS2R1YXBVZk9aX25LbFR6RnFBUDNpLWJsX2VFTkQxOVk?oc=5\" target=\"_blank\" rel=\"nofollow noopener\">Oficial: Bruno Varela deixa o V. Guimar\u00e3es e ruma \u00e0 Ar\u00e1bia Saudita<\/a>&nbsp;&nbsp;O Jogo<\/li>\n<li><a href=\"https:\/\/news.google.com\/rss\/articles\/CBMi1AFBVV95cUxNczJEb2VSTllUVEg3bHZKV1BuWDdZalhJR3V3S3pNbDVDbTV6UG9iVDhYYS0xMkh2S29wQUEyd05ZdW12OGg5OUVXZlFwdm5jTUJOUHJXME93Y08zMXl2Z1VYcWRJRFZJZWZLSV9ra211RnhxeWlUUUs4VDdXdngwZk1SYUJUVzFKQUo0SXNnN0RaSmJrUVNJazJsbzZDQlJXUnpmakRaVTNVR3JqQzJDYmNDMzlJTmdUckd0V0RqNjdXN3JMUWhOTGROVEJVNlc3cnN1Sg?oc=5\" target=\"_blank\" rel=\"nofollow noopener\">Vit\u00f3ria de Guimar\u00e3es oficializa sa\u00edda de Bruno Varela para sauditas do Al-Hazem<\/a>&nbsp;&nbsp;RTP<\/li>\n<li><a href=\"https:\/\/news.google.com\/rss\/articles\/CBMickFVX3lxTE1jWFdSSFVaamNNX01KWTJZYi02NHUteXBPaGkzVkVGTW9SYzdiLUZZc3F2MGhmT1g0ZkphcVpjLTJyQUxXRGdqeUEzaWVLN0o2SzZUdGtHazhhTkVzMXZnYjFheWNmR3BHS19QamtIelZfZw?oc=5\" target=\"_blank\" rel=\"nofollow noopener\">Bruno Varela deixa o Vit\u00f3ria SC<\/a>&nbsp;&nbsp;Vit\u00f3ria Sport Clube<\/li>\n<li><a href=\"https:\/\/news.google.com\/rss\/articles\/CBMi2AFBVV95cUxNU1JCZ0ZUZllBenBtb1lkTnREY080WEFqRDYyeGppeEFlekJ4YVJRazFlcXNyRHNVYW4zOWVpc29Yd0VxWG1TYTZ4ckJUVkpsWWpTazhXQVhKLUlVd090b0ltNUlkUnpzeTlDZTRJSEt6M21VNXcwa1BBM2VpeUxvZkdIU3RHblBFNlZVWmlFTTFfYkZrZ3RscGFVWWlyU3doYWlSTzRxNFNqUjFpeFRWalNuV244LWNFanhsaVp2NzFjbFVlZXpBWEtYVjFBalFMT2JaVW9tZ1bSAcIBQVVfeXFMUFEtNkpPNFdqYV90UGRFWDJhMEdsaWFXMk9RckhwUGdTVDBzTnhFZzZ2WlFtLWNjX3hqZVdKNzRwR1Z0anU5Yi1UWjNKekhZUkZNNkM0TjZDNFhORHZ2YU53OFpIR0xUT0g2WU1hRmEzSmo1aGNKY0ItQ2ZwQVdPdTZaaks2MjRhdVJjeTU2cnBqdGJXeDNaOHBVdDZwcXI1bkVTM195emp1WGhiWTd3SUlVWHB1NUM3d0JINjk5dE9Ianc?oc=5\" target=\"_blank\" rel=\"nofollow noopener\">Bruno Varela deixa Vit\u00f3ria e vai jogar no Al Hazem<\/a>&nbsp;&nbsp;Renascen\u00e7a<\/li>\n<li><a href=\"https:\/\/news.google.com\/rss\/articles\/CBMi5gFBVV95cUxQYW82T1FKdHJPTTVPV3JKZEsxdl8xaFkxVTJxT0thdU0tMmVsUnBUdFZ2bTY5Z2laMW5PckM2R2hpdndINnlLVkIxYUxrOGZydTZ4UGtpbE9vbVJXU3ktd1dEUXJOdVhGaDA1R2NsRXY1OEZrbG1wYzNQbVAxWkpTX1ZoSzJjY1FVSzZmb1lUck8wblltV0tBeHVYRWtFY1VQNEJkUndFallsbHkxQ2RNTmVRYU1tR1R3UGc5WFVDLVExMnV5UmhHcUlTUVlKYnZMNEpybGVVeHRYSmU2Y29wclQ3MzRsZw?oc=5\" target=\"_blank\" rel=\"nofollow noopener\">Bruno Varela acorda rescis\u00e3o com o V. Guimar\u00e3es e \u00e9 refor\u00e7o do Al Hazem<\/a>&nbsp;&nbsp;Record<\/li>\n<\/ol>\n","protected":false},"excerpt":{"rendered":"Oficial: Bruno Varela deixa o V. Guimar\u00e3es e ruma \u00e0 Ar\u00e1bia Saudita&nbsp;&nbsp;O Jogo Vit\u00f3ria de Guimar\u00e3es oficializa sa\u00edda&hellip;\n","protected":false},"author":2,"featured_media":46520,"comment_status":"","ping_status":"","sticky":false,"template":"","format":"standard","meta":{"footnotes":""},"categories":[8],"tags":[27,28,15,16,14,25,26,21,22,12,13,19,20,32,23,24,33,17,18,29,30,31],"class_list":{"0":"post-46519","1":"post","2":"type-post","3":"status-publish","4":"format-standard","5":"has-post-thumbnail","7":"category-principais-noticias","8":"tag-breaking-news","9":"tag-breakingnews","10":"tag-featured-news","11":"tag-featurednews","12":"tag-headlines","13":"tag-latest-news","14":"tag-latestnews","15":"tag-main-news","16":"tag-mainnews","17":"tag-news","18":"tag-noticias","19":"tag-noticias-principais","20":"tag-noticiasprincipais","21":"tag-portugal","22":"tag-principais-noticias","23":"tag-principaisnoticias","24":"tag-pt","25":"tag-top-stories","26":"tag-topstories","27":"tag-ultimas","28":"tag-ultimas-noticias","29":"tag-ultimasnoticias"},"share_on_mastodon":{"url":"","error":""},"_links":{"self":[{"href":"https:\/\/www.europesays.com\/pt\/wp-json\/wp\/v2\/posts\/46519","targetHints":{"allow":["GET"]}}],"collection":[{"href":"https:\/\/www.europesays.com\/pt\/wp-json\/wp\/v2\/posts"}],"about":[{"href":"https:\/\/www.europesays.com\/pt\/wp-json\/wp\/v2\/types\/post"}],"author":[{"embeddable":true,"href":"https:\/\/www.europesays.com\/pt\/wp-json\/wp\/v2\/users\/2"}],"replies":[{"embeddable":true,"href":"https:\/\/www.europesays.com\/pt\/wp-json\/wp\/v2\/comments?post=46519"}],"version-history":[{"count":0,"href":"https:\/\/www.europesays.com\/pt\/wp-json\/wp\/v2\/posts\/46519\/revisions"}],"wp:featuredmedia":[{"embeddable":true,"href":"https:\/\/www.europesays.com\/pt\/wp-json\/wp\/v2\/media\/46520"}],"wp:attachment":[{"href":"https:\/\/www.europesays.com\/pt\/wp-json\/wp\/v2\/media?parent=46519"}],"wp:term":[{"taxonomy":"category","embeddable":true,"href":"https:\/\/www.europesays.com\/pt\/wp-json\/wp\/v2\/categories?post=46519"},{"taxonomy":"post_tag","embeddable":true,"href":"https:\/\/www.europesays.com\/pt\/wp-json\/wp\/v2\/tags?post=46519"}],"curies":[{"name":"wp","href":"https:\/\/api.w.org\/{rel}","templated":true}]}}