{"id":46526,"date":"2025-08-26T22:21:06","date_gmt":"2025-08-26T22:21:06","guid":{"rendered":"https:\/\/www.europesays.com\/pt\/46526\/"},"modified":"2025-08-26T22:21:06","modified_gmt":"2025-08-26T22:21:06","slug":"mourinho-diz-que-nao-conhece-vice-do-fenerbahce-que-lhe-deu-as-boas-vindas-ao-clube-o-jogo","status":"publish","type":"post","link":"https:\/\/www.europesays.com\/pt\/46526\/","title":{"rendered":"Mourinho diz que n\u00e3o conhece vice do Fenerbah\u00e7e que lhe deu as boas-vindas ao clube &#8211; O Jogo"},"content":{"rendered":"<ol>\n<li><a href=\"https:\/\/news.google.com\/rss\/articles\/CBMitwFBVV95cUxQLVZ4bEEzWVdmcWdXQnZBRF9SUV9NX2Jtd2R2d3FBRk5iQmRIaGZpb3I1M09SS0FzZWhzUHhWc1g2anZnSUJFNk40bTFCNTROYkpuenBzSERKc0Q1aXdaVllfbFhYRGliNWNCQnRBR0ViT2RIaVhMMjdJVUhOSlZ2WlZVMm9zdjhSS3diZkhtRVNXQ3lYclIxNnl1V3N1eEh6ZUxvNWg1MzNvUWwwVWk0RkJ5Z1FnWWM?oc=5\" target=\"_blank\" rel=\"nofollow noopener\">Mourinho diz que n\u00e3o conhece vice do Fenerbah\u00e7e que lhe deu as boas-vindas ao clube<\/a>&nbsp;&nbsp;O Jogo<\/li>\n<li><a href=\"https:\/\/news.google.com\/rss\/articles\/CBMirAFBVV95cUxOeEtyTFk1bHhOT0dnR1Y0MDRKVWJCb2JZaHZoNmk4aGx0ZGJwaDUyYmJaSlptZUU3Sy1POGtGaEhVZTZzV2FNamZDMDlOVFpfUVFGNUFfdGxMSDRiZmI4X2NmUjZMUWVfTjdDeDZWUmo4UExVNnhBTkpoQWkyWTA5UnAxek5SQldwM0J1UkhTRFNnMFdPVF82cngzaTZRSGdLSy1KLURVNS1hb0Zn?oc=5\" target=\"_blank\" rel=\"nofollow noopener\">Mourinho e as declara\u00e7\u00f5es de Hamdi Akin sobre Akturkoglu: &#8220;Desconhe\u00e7o a pessoa&#8221;<\/a>&nbsp;&nbsp;O Jogo<\/li>\n<li><a href=\"https:\/\/news.google.com\/rss\/articles\/CBMitgFBVV95cUxQcU94dkNTbHp5aFFUUnVVNDcyaTJNV3ExSGtWT3hvZXNtYlM2TDZ2cDZxRlZBdC04YmNzVVlWUWdEbDJ4dWZvSDRWY1NYa2lsVE5OclJnX2pyeE9qeHhCb0FnOGdkQk5RRzhZWXk1T3VhV1BqX2ZuaXhQMDR3UnIwb0xQVWRfNmJkdjdJUW8wUWlMUmtXZE5xbjVEclNWdDY5d19nb3g1R2ZwOG9jdFdRNUNfVjhsQdIBuwFBVV95cUxObUhKb1pQaXZVcmJ4SlZ0RmpUNGtlazhJMFhjeF9WQ2J6MFBFa2ZJYUlrenZSTjRVR1NaaTRSRWo2T000WHRrWWpHUFRQUnFTdmxiNEF4bzhlazlPSi1rMzhkN2F1cGJ5M2h2YlUyb05nVThJU0FqeDc2ZzZyLXZzeFJWWEl0TzJaVER3NHJQcWl1OHV1Q09JeVV5UWtwQVhmR2xCeHZmOXY1YTAtdkVTN3oxNDYyOVprajhn?oc=5\" target=\"_blank\" rel=\"nofollow noopener\">FOTO: Mourinho n\u00e3o conhece vice-presidente, mas&#8230; j\u00e1 jantou com ele<\/a>&nbsp;&nbsp;CNN Portugal<\/li>\n<li><a href=\"https:\/\/news.google.com\/rss\/articles\/CBMi2AFBVV95cUxQbGhkNEpydkVJVzF5QktvWUxKSnl3VS1YOWh2Yll0U1RReHN0dkNHbmxnN1lJRzduaVk4N2g0UGRIaExIay00OVU2QU9KVTlRd2h5bFBiVC1Zc19JQjJDSUZ2bmdIblp5SXlweDYwbDZMaFJid1RoZEM3T2tCMnpNTlJ3SW9KLVZKMzhZZW5USlJmeFk5Ti1yLThBazFENzllWlJWNEFJSkx0b1NwSUlKWE9GVFlJRWdVY3JpektVc0h4eV9QRE5MeHM0RDBSVmVNZ2pzOWlVVU4?oc=5\" target=\"_blank\" rel=\"nofollow noopener\">Jos\u00e9 Mourinho reage a declara\u00e7\u00f5es de vice-presidente do Fenerbah\u00e7e: \u00abN\u00e3o sei quem ele \u00e9\u00bb<\/a>&nbsp;&nbsp;Bola na Rede<\/li>\n<li><a href=\"https:\/\/news.google.com\/rss\/articles\/CBMi1gFBVV95cUxQcXItNEg4SENkSEYyOXpFRWhhT3ZURlJBQnNrcXZ5SXd2VVF6amJwNDFtSk5MODBuRGdkUkJHN3Vvc0UxT3U3VzFmN2puejNETlBnOURkOXF5NFBrdWhUNnBOTDNteEMtWkhVX2Y5QUE2VlJsR0toQ0x6eGloOVBZX1lQOE93cUxIZGZ4YnE2Z1gwOUNvQS1SUUVJNFIyd2JRTWFRbFFXYVFjeGFuMmxKQm1aaE8xZmhjY2pqc2RQTjd3b0ZtMHh4SENYOTJXWUw2WWQwY3Bn?oc=5\" target=\"_blank\" rel=\"nofollow noopener\">Mourinho disse que n\u00e3o conhecia &#8216;vice&#8217; do Fenerbah\u00e7e mas h\u00e1 um ano&#8230; almo\u00e7ou com ele<\/a>&nbsp;&nbsp;Record<\/li>\n<\/ol>\n","protected":false},"excerpt":{"rendered":"Mourinho diz que n\u00e3o conhece vice do Fenerbah\u00e7e que lhe deu as boas-vindas ao clube&nbsp;&nbsp;O Jogo Mourinho e&hellip;\n","protected":false},"author":2,"featured_media":46527,"comment_status":"","ping_status":"","sticky":false,"template":"","format":"standard","meta":{"footnotes":""},"categories":[87],"tags":[135,32,33,134],"class_list":{"0":"post-46526","1":"post","2":"type-post","3":"status-publish","4":"format-standard","5":"has-post-thumbnail","7":"category-desporto","8":"tag-desporto","9":"tag-portugal","10":"tag-pt","11":"tag-sports"},"share_on_mastodon":{"url":"","error":""},"_links":{"self":[{"href":"https:\/\/www.europesays.com\/pt\/wp-json\/wp\/v2\/posts\/46526","targetHints":{"allow":["GET"]}}],"collection":[{"href":"https:\/\/www.europesays.com\/pt\/wp-json\/wp\/v2\/posts"}],"about":[{"href":"https:\/\/www.europesays.com\/pt\/wp-json\/wp\/v2\/types\/post"}],"author":[{"embeddable":true,"href":"https:\/\/www.europesays.com\/pt\/wp-json\/wp\/v2\/users\/2"}],"replies":[{"embeddable":true,"href":"https:\/\/www.europesays.com\/pt\/wp-json\/wp\/v2\/comments?post=46526"}],"version-history":[{"count":0,"href":"https:\/\/www.europesays.com\/pt\/wp-json\/wp\/v2\/posts\/46526\/revisions"}],"wp:featuredmedia":[{"embeddable":true,"href":"https:\/\/www.europesays.com\/pt\/wp-json\/wp\/v2\/media\/46527"}],"wp:attachment":[{"href":"https:\/\/www.europesays.com\/pt\/wp-json\/wp\/v2\/media?parent=46526"}],"wp:term":[{"taxonomy":"category","embeddable":true,"href":"https:\/\/www.europesays.com\/pt\/wp-json\/wp\/v2\/categories?post=46526"},{"taxonomy":"post_tag","embeddable":true,"href":"https:\/\/www.europesays.com\/pt\/wp-json\/wp\/v2\/tags?post=46526"}],"curies":[{"name":"wp","href":"https:\/\/api.w.org\/{rel}","templated":true}]}}