{"id":46538,"date":"2025-08-26T22:28:20","date_gmt":"2025-08-26T22:28:20","guid":{"rendered":"https:\/\/www.europesays.com\/pt\/46538\/"},"modified":"2025-08-26T22:28:20","modified_gmt":"2025-08-26T22:28:20","slug":"autoridades-investigam-relato-de-desaparecimento-na-parede-observador","status":"publish","type":"post","link":"https:\/\/www.europesays.com\/pt\/46538\/","title":{"rendered":"Autoridades investigam relato de desaparecimento na Parede \u2013 Observador"},"content":{"rendered":"<p>As autoridades mar\u00edtimas e os bombeiros locais est\u00e3o a realizar buscas e a investigar um relato de um desaparecimento de um homem na praia da Parede, no concelho de Cascais na tarde desta ter\u00e7a-feira.<\/p>\n<p>Aos jornalistas, o capit\u00e3o da Marinha do Porto de Cascais, Jos\u00e9 Marques Coelho, confirmou que tinham recebido o alerta de \u201cum suposto desaparecimento\u201d pelas 16h30 e que o relato tinha vindo de algu\u00e9m que estava no bar da praia e ter\u00e1 visto algu\u00e9m \u201cem dificuldades\u201d na \u00e1gua, \u201centre duas ondas\u201d.<\/p>\n<p>\u201cAtiv\u00e1mos os meios de imediato. A esta\u00e7\u00e3o salva-vidas e os bombeiros da Parede deslocaram-se para o local\u201d, disse o capit\u00e3o, que disse ainda que os nadadores-salvadores n\u00e3o ter\u00e3o deixado ningu\u00e9m entrar no mar, j\u00e1 que estava bandeira vermelha.<\/p>\n<p>\u201cProcur\u00e1mos familiares, conhecidos, contactos na zona. N\u00e3o tivemos informa\u00e7\u00e3o de nenhum desaparecimento\u201d, acrescentou. Ainda assim, as buscas continuam apesar das informa\u00e7\u00f5es serem demasiado \u201cescassas\u201d para empenharem meios adicionais.<\/p>\n<p>Atualmente, segundo o capit\u00e3o Marques Coelho, est\u00e1 na \u00e1gua uma embarca\u00e7\u00e3o da esta\u00e7\u00e3o de salva-vidas de Cascais com dois homens a fazer uma \u201cpatrulha onde supostamente aconteceu o desaparecimento\u201d.<\/p>\n<p>Em terra, conta, est\u00e3o os nadadores salvadores, a Pol\u00edcia Mar\u00edtima e os Bombeiros de Parede. A situa\u00e7\u00e3o de mau tempo e de agita\u00e7\u00e3o mar\u00edtima, explicou ainda, est\u00e1 a \u201cdificultar a opera\u00e7\u00e3o\u201d.<\/p>\n<p>Se n\u00e3o houver novas informa\u00e7\u00f5es \u201cat\u00e9 ao por do sol\u201d, o militar diz que as buscas ser\u00e3o suspensas, havendo depois uma avalia\u00e7\u00e3o se ser\u00e3o retomadas no dia seguinte.<\/p>\n","protected":false},"excerpt":{"rendered":"As autoridades mar\u00edtimas e os bombeiros locais est\u00e3o a realizar buscas e a investigar um relato de um&hellip;\n","protected":false},"author":2,"featured_media":46539,"comment_status":"","ping_status":"","sticky":false,"template":"","format":"standard","meta":{"footnotes":""},"categories":[8],"tags":[964,27,28,4644,442,7390,15,16,14,25,26,797,21,22,2219,1009,12,13,19,20,57,32,23,24,33,58,17,18,29,30,31],"class_list":{"0":"post-46538","1":"post","2":"type-post","3":"status-publish","4":"format-standard","5":"has-post-thumbnail","7":"category-principais-noticias","8":"tag-ambiente","9":"tag-breaking-news","10":"tag-breakingnews","11":"tag-cascais","12":"tag-ciu00eancia","13":"tag-desaparecimentos","14":"tag-featured-news","15":"tag-featurednews","16":"tag-headlines","17":"tag-latest-news","18":"tag-latestnews","19":"tag-lisboa","20":"tag-main-news","21":"tag-mainnews","22":"tag-mar","23":"tag-natureza","24":"tag-news","25":"tag-noticias","26":"tag-noticias-principais","27":"tag-noticiasprincipais","28":"tag-pau00eds","29":"tag-portugal","30":"tag-principais-noticias","31":"tag-principaisnoticias","32":"tag-pt","33":"tag-sociedade","34":"tag-top-stories","35":"tag-topstories","36":"tag-ultimas","37":"tag-ultimas-noticias","38":"tag-ultimasnoticias"},"share_on_mastodon":{"url":"","error":""},"_links":{"self":[{"href":"https:\/\/www.europesays.com\/pt\/wp-json\/wp\/v2\/posts\/46538","targetHints":{"allow":["GET"]}}],"collection":[{"href":"https:\/\/www.europesays.com\/pt\/wp-json\/wp\/v2\/posts"}],"about":[{"href":"https:\/\/www.europesays.com\/pt\/wp-json\/wp\/v2\/types\/post"}],"author":[{"embeddable":true,"href":"https:\/\/www.europesays.com\/pt\/wp-json\/wp\/v2\/users\/2"}],"replies":[{"embeddable":true,"href":"https:\/\/www.europesays.com\/pt\/wp-json\/wp\/v2\/comments?post=46538"}],"version-history":[{"count":0,"href":"https:\/\/www.europesays.com\/pt\/wp-json\/wp\/v2\/posts\/46538\/revisions"}],"wp:featuredmedia":[{"embeddable":true,"href":"https:\/\/www.europesays.com\/pt\/wp-json\/wp\/v2\/media\/46539"}],"wp:attachment":[{"href":"https:\/\/www.europesays.com\/pt\/wp-json\/wp\/v2\/media?parent=46538"}],"wp:term":[{"taxonomy":"category","embeddable":true,"href":"https:\/\/www.europesays.com\/pt\/wp-json\/wp\/v2\/categories?post=46538"},{"taxonomy":"post_tag","embeddable":true,"href":"https:\/\/www.europesays.com\/pt\/wp-json\/wp\/v2\/tags?post=46538"}],"curies":[{"name":"wp","href":"https:\/\/api.w.org\/{rel}","templated":true}]}}