{"id":465543,"date":"2026-07-28T17:22:14","date_gmt":"2026-07-28T17:22:14","guid":{"rendered":"https:\/\/www.europesays.com\/pt\/465543\/"},"modified":"2026-07-28T17:22:14","modified_gmt":"2026-07-28T17:22:14","slug":"pj-faz-diligencias-no-gabinete-de-ventura-no-parlamento-apos-chega-ter-alegado-invasao","status":"publish","type":"post","link":"https:\/\/www.europesays.com\/pt\/465543\/","title":{"rendered":"PJ faz dilig\u00eancias no gabinete de Ventura no Parlamento ap\u00f3s Chega ter alegado invas\u00e3o"},"content":{"rendered":"\n<p>&#13;<br \/>\nA zona do corredor onde se encontra o gabinete do grupo parlamentar do Chega est\u00e1 interdita a jornalistas e a Pol\u00edcia Judici\u00e1ria efetua dilig\u00eancias no local.&#13;\n<\/p>\n<p>\nEntretanto, na rede social X, o l\u00edder do Chega publicou um v\u00eddeo onde \u00e9 poss\u00edvel ver dezenas de documentos espalhados pelo ch\u00e3o do gabinete.<\/p>\n<blockquote class=\"twitter-tweet\" data-media-max-width=\"560\"><p>&#13;<\/p>\n<p dir=\"ltr\" lang=\"pt\">&#13;<br \/>\n\tAssim est\u00e1 o meu Gabinete esta manh\u00e3 na Assembleia da Rep\u00fablica. Alguem estava \u00e0 procura de alguma coisa e n\u00e3o se coibiu de agir dentro do pr\u00f3prio Parlamento. N\u00e3o sei ainda se foi roubado algum documento ou n\u00e3o, mas atingimos o grau zero da nossa democracia. <a href=\"https:\/\/t.co\/Ar5YS52b3a\" rel=\"nofollow\">pic.twitter.com\/Ar5YS52b3a<\/a>&#13;\n\t<\/p>\n<p>&#13;<br \/>\n\t\u2014 Andr\u00e9 Ventura (@AndreCVentura) <a href=\"https:\/\/x.com\/AndreCVentura\/status\/2082030019493212551?ref_src=twsrc%5Etfw\" rel=\"nofollow\">July 28, 2026<\/a>&#13;\n<\/p><\/blockquote>\n<p> <b><br \/>&#13;<br \/>\n<\/b><\/p>\n<p>&#13;<br \/>\n<b>&#13;<br \/>\nAndr\u00e9 Ventura escreve que foi atingido o &#8220;grau zero&#8221; da democracia.<\/b> &#13;<br \/>\nNa mensagem que acompanha o v\u00eddeo, o l\u00edder do Chega escreveu: &#8220;Assim &#13;<br \/>\nest\u00e1 o meu gabinete esta manh\u00e3 na Assembleia da Rep\u00fablica. Algu\u00e9m estava&#13;<br \/>\n\u00e0 procura de alguma coisa e n\u00e3o se coibiu de agir dentro do pr\u00f3prio &#13;<br \/>\nParlamento&#8221;.&#13;\n<\/p>\n<p>&#13;<br \/>\nFalando aos jornalistas, Ventura revelou que, do que j\u00e1 se conseguiu aperceber, foram roubados dois tipos de documentos: uma pasta com documentos sobre a Comiss\u00e3o de inqu\u00e9rito a Lu\u00eds Neves e outra pasta com informa\u00e7\u00e3o relativa ao gabinete do primeiro-ministro.&#13;\n<\/p>\n<p><b>Relata que na sexta-feira, num evento com jornalistas, revelou que tinha na sua posse documentos que eram relevantes quanto \u00e0 relev\u00e2ncia da comiss\u00e3o de inqu\u00e9rito. &#8220;N\u00e3o posso deixar de fazer a associa\u00e7\u00e3o&#8221; deste ato com aquela informa\u00e7\u00e3o. <\/b>N\u00e3o quis, no entanto, fazer qualquer especula\u00e7\u00e3o sobre quem podia estar por tr\u00e1s daquele ato de vandalismo.<br \/>\n&#8220;Agora a investiga\u00e7\u00e3o tem de fazer o resto e tem de se chegar a alguma conclus\u00e3o&#8221;, refere.<\/p>\n<p>          <img decoding=\"async\" itemprop=\"image\" class=\"img-fluid\"   src=\"https:\/\/www.europesays.com\/pt\/wp-content\/uploads\/2026\/07\/0d4545acb1eede8391d9455d319e5de5_N.jpg\"\/><\/p>\n<p>&#13;<br \/>\n<b>Considera tratar-se de um &#8220;ato de intimida\u00e7\u00e3o e condicionamento&#8221;. <\/b>&#8220;N\u00e3o vamos ter medo&#8221;, acrescenta.&#13;\n<\/p>\n<p>&#13;<br \/>\nO l\u00edder do Chega refere que vai pedir um refor\u00e7o de seguran\u00e7a no Parlamento. Refere que, por aquela zona ser normalmente alvo de vigil\u00e2ncia policial, os gabinetes ficam sempre abertos.\u00a0&#13;\n<\/p>\n<p>          <img decoding=\"async\" itemprop=\"image\" class=\"img-fluid\"   src=\"https:\/\/www.europesays.com\/pt\/wp-content\/uploads\/2026\/07\/084088f07ed4ff7bd1b3bd6429f867f2_N.jpg\"\/><\/p>\n<p>No interior do gabinete, est\u00e3o elementos da Pol\u00edcia Judici\u00e1ria, confirmou a RTP Antena 1.\u00a0 O alerta foi dado por um dos deputados do partido, &#8220;cerca das 6h30 ou 7h00 da manh\u00e3&#8221;.<br \/>\n            <script async src=\"https:\/\/platform.twitter.com\/widgets.js\" charset=\"utf-8\"><\/script><\/p>\n","protected":false},"excerpt":{"rendered":"&#13; A zona do corredor onde se encontra o gabinete do grupo parlamentar do Chega est\u00e1 interdita a&hellip;\n","protected":false},"author":2,"featured_media":465544,"comment_status":"","ping_status":"","sticky":false,"template":"","format":"standard","meta":{"footnotes":"","_share_on_mastodon":"0"},"categories":[8],"tags":[3386,2030,27,28,1736,15,16,74801,14,25,26,21,22,12,13,19,20,4532,32,23,24,33,17,18,29,30,31],"class_list":["post-465543","post","type-post","status-publish","format-standard","has-post-thumbnail","category-principais-noticias","tag-andre-ventura","tag-assembleia-da-republica","tag-breaking-news","tag-breakingnews","tag-chega","tag-featured-news","tag-featurednews","tag-gabinete","tag-headlines","tag-latest-news","tag-latestnews","tag-main-news","tag-mainnews","tag-news","tag-noticias","tag-noticias-principais","tag-noticiasprincipais","tag-parlamento","tag-portugal","tag-principais-noticias","tag-principaisnoticias","tag-pt","tag-top-stories","tag-topstories","tag-ultimas","tag-ultimas-noticias","tag-ultimasnoticias"],"share_on_mastodon":{"url":"https:\/\/pubeurope.com\/@pt\/116998763825809976","error":""},"_links":{"self":[{"href":"https:\/\/www.europesays.com\/pt\/wp-json\/wp\/v2\/posts\/465543","targetHints":{"allow":["GET"]}}],"collection":[{"href":"https:\/\/www.europesays.com\/pt\/wp-json\/wp\/v2\/posts"}],"about":[{"href":"https:\/\/www.europesays.com\/pt\/wp-json\/wp\/v2\/types\/post"}],"author":[{"embeddable":true,"href":"https:\/\/www.europesays.com\/pt\/wp-json\/wp\/v2\/users\/2"}],"replies":[{"embeddable":true,"href":"https:\/\/www.europesays.com\/pt\/wp-json\/wp\/v2\/comments?post=465543"}],"version-history":[{"count":0,"href":"https:\/\/www.europesays.com\/pt\/wp-json\/wp\/v2\/posts\/465543\/revisions"}],"wp:featuredmedia":[{"embeddable":true,"href":"https:\/\/www.europesays.com\/pt\/wp-json\/wp\/v2\/media\/465544"}],"wp:attachment":[{"href":"https:\/\/www.europesays.com\/pt\/wp-json\/wp\/v2\/media?parent=465543"}],"wp:term":[{"taxonomy":"category","embeddable":true,"href":"https:\/\/www.europesays.com\/pt\/wp-json\/wp\/v2\/categories?post=465543"},{"taxonomy":"post_tag","embeddable":true,"href":"https:\/\/www.europesays.com\/pt\/wp-json\/wp\/v2\/tags?post=465543"}],"curies":[{"name":"wp","href":"https:\/\/api.w.org\/{rel}","templated":true}]}}