{"id":465913,"date":"2026-07-29T00:19:09","date_gmt":"2026-07-29T00:19:09","guid":{"rendered":"https:\/\/www.europesays.com\/pt\/465913\/"},"modified":"2026-07-29T00:19:09","modified_gmt":"2026-07-29T00:19:09","slug":"homem-aranha-marvel-segue-uma-prioridade-diz-tom-holland-28-07-2026-ilustrada","status":"publish","type":"post","link":"https:\/\/www.europesays.com\/pt\/465913\/","title":{"rendered":"Homem-Aranha: Marvel segue uma prioridade, diz Tom Holland &#8211; 28\/07\/2026 &#8211; Ilustrada"},"content":{"rendered":"<p><a href=\"https:\/\/www1.folha.uol.com.br\/folha-topicos\/tom-holland\/\" rel=\"nofollow noopener\" target=\"\">Tom Holland<\/a> tem voado t\u00e3o alto quanto o <a href=\"https:\/\/f5.folha.uol.com.br\/cinema-e-series\/2021\/12\/conseguira-o-homem-aranha-salvar-hollywood-com-sem-volta-para-casa.shtml\" rel=\"nofollow noopener\" target=\"\">Homem-Aranha<\/a> nos \u00faltimos tempos. Afinal, ele \u00e9 um dos astros de &#8220;<a href=\"https:\/\/www1.folha.uol.com.br\/ilustrissima\/2026\/07\/christopher-nolan-nao-entendeu-nada-da-odisseia-de-homero.shtml\" rel=\"nofollow noopener\" target=\"\">A Odisseia<\/a>&#8220;, filme de <a href=\"https:\/\/www1.folha.uol.com.br\/ilustrada\/2026\/07\/tradutora-de-odisseia-referencia-para-christopher-nolan-critica-adaptacao.shtml\" rel=\"nofollow noopener\" target=\"\">Christopher Nolan<\/a> que obteve uma das maiores aberturas do ano e se tornou um dos favoritos para a pr\u00f3xima temporada de pr\u00eamios, e se prepara para lan\u00e7ar o novo filme do super-her\u00f3i.<\/p>\n<p>Em um momento em que pap\u00e9is de diversos tipos t\u00eam se aberto para o ator projetado pela <a href=\"https:\/\/www1.folha.uol.com.br\/folha-topicos\/marvel\/\" rel=\"nofollow noopener\" target=\"\">Marvel Studios<\/a>, ele afirma que n\u00e3o planeja deixar o est\u00fadio da <a href=\"https:\/\/www1.folha.uol.com.br\/folha-topicos\/disney\/\" rel=\"nofollow noopener\" target=\"\">Disney <\/a>e o personagem t\u00e3o cedo.<\/p>\n<p>&#8220;N\u00e3o \u00e9 segredo nenhum que a Marvel e a <a href=\"https:\/\/www1.folha.uol.com.br\/tec\/2026\/07\/sony-anuncia-fim-de-jogos-em-disco-de-playstation-para-2028.shtml\" rel=\"nofollow noopener\" target=\"\">Sony <\/a>[que det\u00eam os direitos do personagem] me deram a chance de uma vida inteira&#8221;, afirma ele \u00e0 <strong>Folha<\/strong>. &#8220;Sempre ser\u00e1 uma prioridade para mim. Viver o personagem tem sido um grande prazer, ent\u00e3o sempre que eu tiver a oportunidade de faz\u00ea-lo, vou agarr\u00e1-la com as m\u00e3os e dar toda a minha energia e aten\u00e7\u00e3o.&#8221;<\/p>\n<p>Tanto em &#8220;A Odisseia&#8221; quanto no novo blockbuster baseado nas HQs de <a href=\"https:\/\/www1.folha.uol.com.br\/webstories\/cultura\/2021\/09\/o-legado-de-stan-lee\/\" rel=\"nofollow noopener\" target=\"\">Stan Lee<\/a> e <a href=\"https:\/\/www1.folha.uol.com.br\/ilustrada\/2018\/11\/stan-lee-soube-dar-forma-ao-universo-marvel-e-manter-os-talentos-do-selo-em-sua-teia.shtml\" rel=\"nofollow noopener\" target=\"\">Steve Ditko<\/a>, o brit\u00e2nico contracena com <a href=\"https:\/\/www1.folha.uol.com.br\/folha-topicos\/zendaya\/\" rel=\"nofollow noopener\" target=\"\">Zendaya<\/a>, atriz americana com quem se casou em junho ap\u00f3s anos de namoro. Estrela da s\u00e9rie &#8220;<a href=\"https:\/\/www1.folha.uol.com.br\/folha-topicos\/euphoria\/\" rel=\"nofollow noopener\" target=\"\">Euphoria<\/a>&#8220;, que chegou ao fim este ano ap\u00f3s sua terceira temporada, ela tamb\u00e9m estar\u00e1 no pr\u00f3ximo &#8220;<a href=\"https:\/\/www1.folha.uol.com.br\/ilustrada\/2026\/07\/filme-duna-parte-3-adaptacao-do-livro-o-messias-de-duna-ganha-trailer-veja.shtml\" rel=\"nofollow noopener\" target=\"\">Duna<\/a>&#8221; e vem chamando a aten\u00e7\u00e3o dos cr\u00edticos com filmes como &#8220;<a href=\"https:\/\/f5.folha.uol.com.br\/celebridades\/2024\/12\/zendaya-expoe-dificuldades-para-gravar-cena-intima-a-tres-no-filme-rivais.shtml\" rel=\"nofollow noopener\" target=\"\">Rivais<\/a>&#8221; e &#8220;<a href=\"https:\/\/guia.folha.uol.com.br\/cinema\/2026\/04\/zendaya-tem-ano-cheio-de-estreias-com-euphoria-o-drama-e-homem-aranha.shtmlhttps:\/\/guia.folha.uol.com.br\/cinema\/2026\/04\/o-drama-com-zendaya-e-robert-pattinson-estreia-nos-cinemas-veja-agenda-da-semana.shtml\" rel=\"nofollow noopener\" target=\"\">O Drama<\/a>&#8220;, lan\u00e7ado em mar\u00e7o.<\/p>\n<p>Com os dois no auge de suas carreiras, especula\u00e7\u00f5es sobre a vida pessoal dos artistas, embora desviem de quest\u00f5es do tipo em entrevistas, fizeram deles um dos casais mais virais dos \u00faltimos tempos.<\/p>\n<p>\u00c9 o tipo de desafio que Holland enfrenta, tamb\u00e9m, na nova trama do personagem, que retoma a vida do jovem <a href=\"https:\/\/f5.folha.uol.com.br\/colunistas\/thiagostivaletti\/2026\/06\/so-nicolas-cage-tem-o-poder-de-ser-o-homem-aranha-com-mais-de-60.shtml\" rel=\"nofollow noopener\" target=\"\">Peter Parker<\/a> ap\u00f3s um feiti\u00e7o que fez todos esquecerem que ele \u00e9, secretamente, o tal Amig\u00e3o da Vizinhan\u00e7a, como ficou conhecido nos quadrinhos.<\/p>\n<p>Ap\u00f3s se afastar do amor de sua vida, papel de Zendaya, ele tenta entender como conciliar sua vida pessoal e profissional. &#8220;Homem-Aranha: Um Novo Dia&#8221; chega aos cinemas brasileiros nesta quarta (29).<\/p>\n","protected":false},"excerpt":{"rendered":"Tom Holland tem voado t\u00e3o alto quanto o Homem-Aranha nos \u00faltimos tempos. Afinal, ele \u00e9 um dos astros&hellip;\n","protected":false},"author":2,"featured_media":465914,"comment_status":"","ping_status":"","sticky":false,"template":"","format":"standard","meta":{"footnotes":"","_share_on_mastodon":"0"},"categories":[140],"tags":[207,470,114,115,147,471,148,236,5814,792,146,32,33,3011,6705,600,14105],"class_list":["post-465913","post","type-post","status-publish","format-standard","has-post-thumbnail","category-filmes","tag-arte","tag-cinema","tag-entertainment","tag-entretenimento","tag-film","tag-filme","tag-filmes","tag-folha","tag-homem-aranha","tag-marvel","tag-movies","tag-portugal","tag-pt","tag-sony","tag-tom-holland","tag-veja-video","tag-zendaya"],"share_on_mastodon":{"url":"https:\/\/pubeurope.com\/@pt\/117000402713677653","error":""},"_links":{"self":[{"href":"https:\/\/www.europesays.com\/pt\/wp-json\/wp\/v2\/posts\/465913","targetHints":{"allow":["GET"]}}],"collection":[{"href":"https:\/\/www.europesays.com\/pt\/wp-json\/wp\/v2\/posts"}],"about":[{"href":"https:\/\/www.europesays.com\/pt\/wp-json\/wp\/v2\/types\/post"}],"author":[{"embeddable":true,"href":"https:\/\/www.europesays.com\/pt\/wp-json\/wp\/v2\/users\/2"}],"replies":[{"embeddable":true,"href":"https:\/\/www.europesays.com\/pt\/wp-json\/wp\/v2\/comments?post=465913"}],"version-history":[{"count":0,"href":"https:\/\/www.europesays.com\/pt\/wp-json\/wp\/v2\/posts\/465913\/revisions"}],"wp:featuredmedia":[{"embeddable":true,"href":"https:\/\/www.europesays.com\/pt\/wp-json\/wp\/v2\/media\/465914"}],"wp:attachment":[{"href":"https:\/\/www.europesays.com\/pt\/wp-json\/wp\/v2\/media?parent=465913"}],"wp:term":[{"taxonomy":"category","embeddable":true,"href":"https:\/\/www.europesays.com\/pt\/wp-json\/wp\/v2\/categories?post=465913"},{"taxonomy":"post_tag","embeddable":true,"href":"https:\/\/www.europesays.com\/pt\/wp-json\/wp\/v2\/tags?post=465913"}],"curies":[{"name":"wp","href":"https:\/\/api.w.org\/{rel}","templated":true}]}}