{"id":466193,"date":"2026-07-29T09:10:26","date_gmt":"2026-07-29T09:10:26","guid":{"rendered":"https:\/\/www.europesays.com\/pt\/466193\/"},"modified":"2026-07-29T09:10:26","modified_gmt":"2026-07-29T09:10:26","slug":"no-aviao-posso-levar-o-meu-portatil-na-bagagem-de-porao","status":"publish","type":"post","link":"https:\/\/www.europesays.com\/pt\/466193\/","title":{"rendered":"No avi\u00e3o, posso levar o meu port\u00e1til na bagagem de por\u00e3o?"},"content":{"rendered":"<p>Todos os dias milhares de passageiros despacham port\u00e1teis, tablets e smartphones na bagagem de por\u00e3o sem saber se isso \u00e9 realmente permitido. As regras t\u00eam sido alvo de maior aten\u00e7\u00e3o devido ao aumento de incidentes relacionados com baterias de l\u00edtio. Ent\u00e3o, ser\u00e1 que posso despachar o meu computador na bagagem de por\u00e3o do avi\u00e3o?<\/p>\n<p><a target=\"_blank\" href=\"https:\/\/pplware.sapo.pt\/wp-content\/uploads\/2026\/07\/portatil_porao00.webp\" rel=\"nofollow noopener\"><img fetchpriority=\"high\" decoding=\"async\" src=\"https:\/\/www.europesays.com\/pt\/wp-content\/uploads\/2026\/07\/portatil_porao00-720x404.webp\" alt=\"Imagem de port\u00e1til na bagagem de por\u00e3o do avi\u00e3o\" width=\"720\" height=\"404\" class=\"aligncenter wp-image-1132500 size-medium\"  \/><\/a><\/p>\n<p>Sim, \u00e9 permitido. Mas h\u00e1 condi\u00e7\u00f5es<\/p>\n<p>Ao contr\u00e1rio do que muitas pessoas pensam, <strong>n\u00e3o existe uma proibi\u00e7\u00e3o geral que impe\u00e7a transportar um computador port\u00e1til<\/strong>, um tablet ou um smartphone na bagagem de por\u00e3o do avi\u00e3o.<\/p>\n<p>A legisla\u00e7\u00e3o internacional, baseada nas Instru\u00e7\u00f5es T\u00e9cnicas da Organiza\u00e7\u00e3o da Avia\u00e7\u00e3o Civil Internacional (<a target=\"_blank\" href=\"https:\/\/www.icao.int\/\" rel=\"nofollow noopener\">ICAO<\/a>) e aplicada na Europa pela Ag\u00eancia da Uni\u00e3o Europeia para a Seguran\u00e7a da Avia\u00e7\u00e3o (<a target=\"_blank\" href=\"https:\/\/www.easa.europa.eu\/en\" rel=\"nofollow noopener\">EASA<\/a>), <strong>permite o transporte destes equipamentos desde que sejam respeitadas determinadas condi\u00e7\u00f5es<\/strong>.<\/p>\n<p>No entanto, as autoridades deixam uma recomenda\u00e7\u00e3o clara: sempre que poss\u00edvel, estes dispositivos devem viajar na <a target=\"_blank\" href=\"https:\/\/pplware.sapo.pt\/informacao\/vai-viajar-de-aviao-novas-regras-para-a-bagagem-de-mao-a-partir-de-hoje\/\" rel=\"nofollow noopener\">bagagem de cabine<\/a>.<\/p>\n<p><a target=\"_blank\" href=\"https:\/\/pplware.sapo.pt\/wp-content\/uploads\/2026\/07\/portatil_porao01.webp\" rel=\"nofollow noopener\"><img loading=\"lazy\" decoding=\"async\" src=\"https:\/\/www.europesays.com\/pt\/wp-content\/uploads\/2026\/07\/portatil_porao01-720x404.webp\" alt=\"\" width=\"720\" height=\"404\" class=\"aligncenter size-medium wp-image-1132503\"  \/><\/a><\/p>\n<p>Porque \u00e9 que a EASA prefere que viajem consigo?<\/p>\n<p>O motivo \u00e9 simples: quase todos estes <strong>equipamentos utilizam baterias de i\u00f5es de l\u00edtio<\/strong>.\u00a0Embora sejam seguras em utiliza\u00e7\u00e3o normal, podem <a target=\"_blank\" href=\"https:\/\/pplware.sapo.pt\/gadgets\/aviso-de-seguranca-novas-regras-para-power-banks-em-voos\/\" rel=\"nofollow noopener\"><strong>sofrer um fen\u00f3meno conhecido como thermal runaway<\/strong><\/a> (embalamento t\u00e9rmico), provocando inc\u00eandios dif\u00edceis de controlar caso a bateria esteja danificada, sobreaque\u00e7a ou entre em curto-circuito.<\/p>\n<p>Se isso acontecer na cabine, a tripula\u00e7\u00e3o consegue atuar rapidamente.\u00a0Se acontecer no por\u00e3o, a interven\u00e7\u00e3o \u00e9 bastante mais limitada, apesar de os <strong>avi\u00f5es possu\u00edrem sistemas autom\u00e1ticos de dete\u00e7\u00e3o e combate a inc\u00eandios<\/strong>. O aumento do n\u00famero de incidentes levou a <a target=\"_blank\" href=\"https:\/\/www.easa.europa.eu\/pt\/light\/topics\/lithium-batteries-aviation-powering-future-and-managing-risks\" rel=\"nofollow noopener\">EASA a publicar novas recomenda\u00e7\u00f5es de seguran\u00e7a<\/a> em 2025.<\/p>\n<p>O que deve fazer se colocar o port\u00e1til no por\u00e3o?<\/p>\n<p>Caso n\u00e3o tenha alternativa e tenha de despachar o computador, tablet ou smartphone, as autoridades recomendam que:<\/p>\n<ul>\n<li>o equipamento esteja completamente desligado (n\u00e3o apenas em suspens\u00e3o);<\/li>\n<li>esteja protegido contra danos f\u00edsicos;<\/li>\n<li>n\u00e3o possa ligar-se acidentalmente durante o voo;<\/li>\n<li>utilize baterias originais e em bom estado.<\/li>\n<\/ul>\n<p>H\u00e1 um equipamento que nunca deve colocar no por\u00e3o<\/p>\n<p>Aqui n\u00e3o h\u00e1 d\u00favidas.\u00a0As <strong>power banks e quaisquer baterias sobresselentes de l\u00edtio<\/strong> n\u00e3o podem viajar na bagagem de por\u00e3o.<\/p>\n<p>Devem ser sempre transportadas na bagagem de m\u00e3o, protegidas contra curto-circuitos, preferencialmente na embalagem original ou com os contactos isolados.<\/p>\n<p><a target=\"_blank\" href=\"https:\/\/pplware.sapo.pt\/wp-content\/uploads\/2025\/07\/viajar_power_bank01.webp\" rel=\"nofollow noopener\"><img loading=\"lazy\" decoding=\"async\" aria-describedby=\"caption-attachment-1066649\" src=\"https:\/\/www.europesays.com\/pt\/wp-content\/uploads\/2026\/07\/viajar_power_bank01-720x405.webp\" alt=\"\" width=\"720\" height=\"405\" class=\"wp-image-1066649 size-medium\"  \/><\/a><\/p>\n<p id=\"caption-attachment-1066649\" class=\"wp-caption-text\">Aten\u00e7\u00e3o! As power banks e baterias sobresselentes n\u00e3o podem viajar na bagagem de por\u00e3o. Se forem detetadas durante o rastreio, a <a target=\"_blank\" href=\"https:\/\/pplware.sapo.pt\/informacao\/ficou-sem-um-bem-no-controlo-de-seguranca-do-aeroporto-saiba-como-o-pode-recuperar\/\" rel=\"nofollow noopener\">mala pode ser retida ou removida do avi\u00e3o<\/a>. Transporte-as sempre na bagagem de m\u00e3o para cumprir as normas de seguran\u00e7a da avia\u00e7\u00e3o.<\/p>\n<p><strong>Al\u00e9m disso<\/strong>:<\/p>\n<ul>\n<li>at\u00e9 100 Wh s\u00e3o normalmente permitidas;<\/li>\n<li>entre 100 Wh e 160 Wh necessitam, regra geral, de aprova\u00e7\u00e3o da companhia a\u00e9rea;<\/li>\n<li>acima de 160 Wh n\u00e3o s\u00e3o permitidas em voos de passageiros.<\/li>\n<\/ul>\n<p>E as companhias a\u00e9reas podem impor regras diferentes?<\/p>\n<p>Sim.\u00a0A <a target=\"_blank\" href=\"https:\/\/pplware.sapo.pt\/motores\/viajar-de-aviao-com-uma-poderoso-bateria-da-jeito-no-aeroporto-podem-nao-gostar\/\" rel=\"nofollow noopener\">legisla\u00e7\u00e3o estabelece os requisitos<\/a> m\u00ednimos de seguran\u00e7a, mas <strong>cada companhia a\u00e9rea pode aplicar regras mais restritivas<\/strong>.<\/p>\n<p>A pr\u00f3pria EASA recomenda aos passageiros que consultem sempre as condi\u00e7\u00f5es da transportadora antes de viajar, pois algumas exigem que qualquer equipamento eletr\u00f3nico seja retirado da bagagem caso esta seja enviada para o por\u00e3o \u00e0 porta do avi\u00e3o.<\/p>\n<p><strong>Ent\u00e3o, qual \u00e9 a resposta<\/strong>?<\/p>\n<p>Em resumo:<\/p>\n<ul>\n<li>\u2705 <strong>Computador port\u00e1til<\/strong>: pode seguir no por\u00e3o, mas \u00e9 recomendado transport\u00e1-lo consigo na cabine.<\/li>\n<li>\u2705 <strong>Tablet<\/strong>: permitido no por\u00e3o, embora a cabine seja a op\u00e7\u00e3o recomendada.<\/li>\n<li>\u2705 <strong>Smartphone<\/strong>: permitido no por\u00e3o, mas a recomenda\u00e7\u00e3o continua a ser lev\u00e1-lo consigo.<\/li>\n<li>\u274c <strong>Power banks e baterias sobresselentes<\/strong>: proibidas na bagagem de por\u00e3o.<\/li>\n<\/ul>\n<p>Onde consultar as regras oficiais?<\/p>\n<p>Se tiver d\u00favidas antes de viajar, pode consultar diretamente as orienta\u00e7\u00f5es das autoridades:<\/p>\n<p><strong>A mensagem das autoridades \u00e9 clara:<\/strong> a lei ainda permite o transporte de computadores, tablets e smartphones na bagagem de por\u00e3o, mas a evolu\u00e7\u00e3o das recomenda\u00e7\u00f5es aponta no sentido contr\u00e1rio.<\/p>\n<p>Sempre que poss\u00edvel, estes dispositivos devem viajar na cabine, onde qualquer incidente com uma bateria de l\u00edtio pode ser detetado e controlado de forma muito mais r\u00e1pida.<\/p>\n<p>\u00a0<\/p>\n<p>Leia tamb\u00e9m:<\/p>\n","protected":false},"excerpt":{"rendered":"Todos os dias milhares de passageiros despacham port\u00e1teis, tablets e smartphones na bagagem de por\u00e3o sem saber se&hellip;\n","protected":false},"author":2,"featured_media":466194,"comment_status":"","ping_status":"","sticky":false,"template":"","format":"standard","meta":{"footnotes":"","_share_on_mastodon":"0"},"categories":[83],"tags":[324,52904,88,89,90,32,74877,33,10780],"class_list":["post-466193","post","type-post","status-publish","format-standard","has-post-thumbnail","category-empresas","tag-aviao","tag-baterias-de-litio","tag-business","tag-economy","tag-empresas","tag-portugal","tag-power-banks","tag-pt","tag-viajar"],"share_on_mastodon":{"url":"https:\/\/pubeurope.com\/@pt\/117002491629308792","error":""},"_links":{"self":[{"href":"https:\/\/www.europesays.com\/pt\/wp-json\/wp\/v2\/posts\/466193","targetHints":{"allow":["GET"]}}],"collection":[{"href":"https:\/\/www.europesays.com\/pt\/wp-json\/wp\/v2\/posts"}],"about":[{"href":"https:\/\/www.europesays.com\/pt\/wp-json\/wp\/v2\/types\/post"}],"author":[{"embeddable":true,"href":"https:\/\/www.europesays.com\/pt\/wp-json\/wp\/v2\/users\/2"}],"replies":[{"embeddable":true,"href":"https:\/\/www.europesays.com\/pt\/wp-json\/wp\/v2\/comments?post=466193"}],"version-history":[{"count":0,"href":"https:\/\/www.europesays.com\/pt\/wp-json\/wp\/v2\/posts\/466193\/revisions"}],"wp:featuredmedia":[{"embeddable":true,"href":"https:\/\/www.europesays.com\/pt\/wp-json\/wp\/v2\/media\/466194"}],"wp:attachment":[{"href":"https:\/\/www.europesays.com\/pt\/wp-json\/wp\/v2\/media?parent=466193"}],"wp:term":[{"taxonomy":"category","embeddable":true,"href":"https:\/\/www.europesays.com\/pt\/wp-json\/wp\/v2\/categories?post=466193"},{"taxonomy":"post_tag","embeddable":true,"href":"https:\/\/www.europesays.com\/pt\/wp-json\/wp\/v2\/tags?post=466193"}],"curies":[{"name":"wp","href":"https:\/\/api.w.org\/{rel}","templated":true}]}}