{"id":466344,"date":"2026-07-29T12:45:27","date_gmt":"2026-07-29T12:45:27","guid":{"rendered":"https:\/\/www.europesays.com\/pt\/466344\/"},"modified":"2026-07-29T12:45:27","modified_gmt":"2026-07-29T12:45:27","slug":"morreu-glen-hansard-cantautor-irlandes-que-venceu-um-oscar-observador","status":"publish","type":"post","link":"https:\/\/www.europesays.com\/pt\/466344\/","title":{"rendered":"Morreu Glen Hansard, cantautor irland\u00eas que venceu um \u00d3scar \u2013 Observador"},"content":{"rendered":"<p>Glen Hansard, cantautor e m\u00fasico irland\u00eas de 56 anos, morreu esta quarta-feira em Dublin. A not\u00edcia foi confirmada pelos agentes do m\u00fasico, em comunicado. O artista foi v\u00edtima de um acidente de mota fatal na Lower Road, em Lucan, a oeste de Dublin. O alerta foi dado aos servi\u00e7os de emerg\u00eancia irlandeses pelas 4h30 desta quarta-feira. A morte do m\u00fasico foi declarada no local, pouco depois.<\/p>\n<p>A confirma\u00e7\u00e3o surgiu da parte do management do m\u00fasico: \u201c\u00c9 com o cora\u00e7\u00e3o partido que confirmamos que Glen Hansard morreu nas primeiras horas desta manh\u00e3, ap\u00f3s um acidente de via\u00e7\u00e3o em Dublin\u201d, l\u00ea-se no comunicado emitido. \u201cA fam\u00edlia est\u00e1 profundamente chocada com esta trag\u00e9dia e pede privacidade neste momento de extrema dificuldade. Ao mesmo tempo, agradece o apoio recebido e o trabalho das equipas de socorro que estiveram no local. Como se trata de um assunto sob investiga\u00e7\u00e3o policial, mais nenhum coment\u00e1rio ser\u00e1 feito neste momento\u201d, diz a mesma nota enviada aos meios de comunica\u00e7\u00e3o.<\/p>\n<p>A BBC noticia tamb\u00e9m que as autoridades est\u00e3o a pedir depoimentos a poss\u00edveis testemunhas que poder\u00e3o ter presenciado o acidente, referindo ainda que este envolveu apenas um ve\u00edculo.<\/p>\n<p>Nascido em 1970 em Dublin, Glen Hansard fez-se notar primeiro na cena musical dos bares da capital irlandesa no final dos anos 80. Com os The Frames ocupou o lugar de compositor e frontman no panorama rock irland\u00eas. O \u00faltimo \u00e1lbum da banda, Longitude, \u00e9 de 2015, mas o grupo manteve a atividade ao vivo depois desse lan\u00e7amento.<\/p>\n<p>Pouco depois da forma\u00e7\u00e3o dos The Frames, Hansard fez parte do elenco de Os Commitments, filme de Alan Parker, sobre uma banda de Dublin influenciada pela m\u00fasica de Wilson Pickett, Aretha Franklin ou Otis Redding.<\/p>\n<p>Em 2006 lan\u00e7ou The Swell Season, \u00e1lbum que marcou o in\u00edcio de uma carreira a solo, a mesma que em 2007 gerou Falling Slowly, tema da banda sonora do filme Once, escrito e realizado por John Carney. A longa metragem, entre o musical e o drama rom\u00e2ntico, conta a hist\u00f3ria de dois m\u00fasicos \u00e0 procura de um lugar na cena musical de Dublin. \u00c9 protagonizado pelo pr\u00f3prio Hansard, em conjunto com Mark\u00e9ta Irglov\u00e1, a islandesa com quem colaborou no \u00e1lbum The Swell Season e com quem manteve uma rela\u00e7\u00e3o. Falling Slowly ganhou um \u00d3scar em 2008.<\/p>\n<p>Hansard tornou-se um embaixador da m\u00fasica irlandesa, nas muitas colabora\u00e7\u00f5es que fez com artistas distintos \u2014 de Bruce Springsteen aos Pearl Jam e Eddie Vedder, de quem era amigo \u2014 \u00e0s tradi\u00e7\u00f5es que criou e manteve (como os concertos de rua no Natal) e ao ativismo que protagonizou, sobretudo na luta contra a crise da habita\u00e7\u00e3o e em benef\u00edcio das pessoas sem-abrigo.<\/p>\n<p>Glen Hansard era casado com Maire Saaritsa, poeta e artista visual finlandesa, com quem teve um filho em 2022.<\/p>\n","protected":false},"excerpt":{"rendered":"Glen Hansard, cantautor e m\u00fasico irland\u00eas de 56 anos, morreu esta quarta-feira em Dublin. A not\u00edcia foi confirmada&hellip;\n","protected":false},"author":2,"featured_media":466345,"comment_status":"","ping_status":"","sticky":false,"template":"","format":"standard","meta":{"footnotes":"","_share_on_mastodon":"0"},"categories":[145],"tags":[59,211,210,470,315,114,115,339,32,33,58,2303,12312],"class_list":["post-466344","post","type-post","status-publish","format-standard","has-post-thumbnail","category-celebridades","tag-acidente","tag-celebridades","tag-celebrities","tag-cinema","tag-cultura","tag-entertainment","tag-entretenimento","tag-mu00fasica","tag-portugal","tag-pt","tag-sociedade","tag-u00d3bito","tag-u00d3scares"],"share_on_mastodon":{"url":"https:\/\/pubeurope.com\/@pt\/117003336257911536","error":""},"_links":{"self":[{"href":"https:\/\/www.europesays.com\/pt\/wp-json\/wp\/v2\/posts\/466344","targetHints":{"allow":["GET"]}}],"collection":[{"href":"https:\/\/www.europesays.com\/pt\/wp-json\/wp\/v2\/posts"}],"about":[{"href":"https:\/\/www.europesays.com\/pt\/wp-json\/wp\/v2\/types\/post"}],"author":[{"embeddable":true,"href":"https:\/\/www.europesays.com\/pt\/wp-json\/wp\/v2\/users\/2"}],"replies":[{"embeddable":true,"href":"https:\/\/www.europesays.com\/pt\/wp-json\/wp\/v2\/comments?post=466344"}],"version-history":[{"count":0,"href":"https:\/\/www.europesays.com\/pt\/wp-json\/wp\/v2\/posts\/466344\/revisions"}],"wp:featuredmedia":[{"embeddable":true,"href":"https:\/\/www.europesays.com\/pt\/wp-json\/wp\/v2\/media\/466345"}],"wp:attachment":[{"href":"https:\/\/www.europesays.com\/pt\/wp-json\/wp\/v2\/media?parent=466344"}],"wp:term":[{"taxonomy":"category","embeddable":true,"href":"https:\/\/www.europesays.com\/pt\/wp-json\/wp\/v2\/categories?post=466344"},{"taxonomy":"post_tag","embeddable":true,"href":"https:\/\/www.europesays.com\/pt\/wp-json\/wp\/v2\/tags?post=466344"}],"curies":[{"name":"wp","href":"https:\/\/api.w.org\/{rel}","templated":true}]}}