{"id":466432,"date":"2026-07-29T14:23:28","date_gmt":"2026-07-29T14:23:28","guid":{"rendered":"https:\/\/www.europesays.com\/pt\/466432\/"},"modified":"2026-07-29T14:23:28","modified_gmt":"2026-07-29T14:23:28","slug":"assista-a-integra-da-1a-edicao-do-jr-24-horas-desta-quarta-29-noticias-r7","status":"publish","type":"post","link":"https:\/\/www.europesays.com\/pt\/466432\/","title":{"rendered":"Assista \u00e0 \u00edntegra da 1\u00aa edi\u00e7\u00e3o do JR 24 Horas desta quarta (29) \u2013 Noticias R7"},"content":{"rendered":"<p class=\"jarvics:base-text-neutral-high-400 xovem:base-text-dark-high-400 base-text-[calc(theme(fontSize.xs)_*_var(--font-size,_1))] base-font-normal base-font-primary base-text-neutral-low-500 base-text-left\">Confira nesta edi\u00e7\u00e3o do JR 24 Horas: a pol\u00edcia do Paran\u00e1 encontrou o corpo do menino autista n\u00e3o verbal que estava desaparecido h\u00e1 tr\u00eas dias. Jo\u00e3o Gabriel Ferreira dos Santos, de apenas 5 anos, desapareceu de casa no \u00faltimo domingo (26); desde ent\u00e3o, uma for\u00e7a tarefa foi mobilizada para localizar a crian\u00e7a. E ainda: chin\u00eas que atropelou gari \u00e9 transferido para pres\u00eddio em Guarulhos, na Grande S\u00e3o Paulo.<\/p>\n<p><b>No RecordPlus, tem mais conte\u00fado da RECORD para voc\u00ea, ao vivo e de gra\u00e7a. Baixe o app <b><a href=\"https:\/\/descubra.recordplus.com\/\" rel=\"nofollow noopener\" target=\"_blank\">aqui!<\/a><\/b><\/b><\/p>\n","protected":false},"excerpt":{"rendered":"Confira nesta edi\u00e7\u00e3o do JR 24 Horas: a pol\u00edcia do Paran\u00e1 encontrou o corpo do menino autista n\u00e3o&hellip;\n","protected":false},"author":2,"featured_media":466433,"comment_status":"","ping_status":"","sticky":false,"template":"","format":"standard","meta":{"footnotes":"","_share_on_mastodon":"0"},"categories":[142],"tags":[3438,5356,114,115,32,33,151],"class_list":["post-466432","post","type-post","status-publish","format-standard","has-post-thumbnail","category-tv","tag-assassinato","tag-empresario","tag-entertainment","tag-entretenimento","tag-portugal","tag-pt","tag-tv"],"share_on_mastodon":{"url":"https:\/\/pubeurope.com\/@pt\/117003721218377192","error":""},"_links":{"self":[{"href":"https:\/\/www.europesays.com\/pt\/wp-json\/wp\/v2\/posts\/466432","targetHints":{"allow":["GET"]}}],"collection":[{"href":"https:\/\/www.europesays.com\/pt\/wp-json\/wp\/v2\/posts"}],"about":[{"href":"https:\/\/www.europesays.com\/pt\/wp-json\/wp\/v2\/types\/post"}],"author":[{"embeddable":true,"href":"https:\/\/www.europesays.com\/pt\/wp-json\/wp\/v2\/users\/2"}],"replies":[{"embeddable":true,"href":"https:\/\/www.europesays.com\/pt\/wp-json\/wp\/v2\/comments?post=466432"}],"version-history":[{"count":0,"href":"https:\/\/www.europesays.com\/pt\/wp-json\/wp\/v2\/posts\/466432\/revisions"}],"wp:featuredmedia":[{"embeddable":true,"href":"https:\/\/www.europesays.com\/pt\/wp-json\/wp\/v2\/media\/466433"}],"wp:attachment":[{"href":"https:\/\/www.europesays.com\/pt\/wp-json\/wp\/v2\/media?parent=466432"}],"wp:term":[{"taxonomy":"category","embeddable":true,"href":"https:\/\/www.europesays.com\/pt\/wp-json\/wp\/v2\/categories?post=466432"},{"taxonomy":"post_tag","embeddable":true,"href":"https:\/\/www.europesays.com\/pt\/wp-json\/wp\/v2\/tags?post=466432"}],"curies":[{"name":"wp","href":"https:\/\/api.w.org\/{rel}","templated":true}]}}