{"id":46681,"date":"2025-08-27T00:23:08","date_gmt":"2025-08-27T00:23:08","guid":{"rendered":"https:\/\/www.europesays.com\/pt\/46681\/"},"modified":"2025-08-27T00:23:08","modified_gmt":"2025-08-27T00:23:08","slug":"exercito-israelita-promete-investigacao-a-ataque-contra-hospital-onu-pede-justica-faixa-de-gaza","status":"publish","type":"post","link":"https:\/\/www.europesays.com\/pt\/46681\/","title":{"rendered":"Ex\u00e9rcito israelita promete investiga\u00e7\u00e3o a ataque contra hospital, ONU pede \u201cjusti\u00e7a\u201d | Faixa de Gaza"},"content":{"rendered":"<p>O Ex\u00e9rcito de Israel disse nesta ter\u00e7a-feira que ap\u00f3s uma avalia\u00e7\u00e3o preliminar ao ataque ocorrido na v\u00e9spera contra o Hospital Nasser, no Sul da Faixa de Gaza, eram precisas mais investiga\u00e7\u00f5es, enquanto as cr\u00edticas internacionais se somavam.<\/p>\n<p>O ataque foi particular n\u00e3o s\u00f3 por ter matado cinco jornalistas e v\u00e1rios socorristas, causando mais de 20 v\u00edtimas no total, mas por ter sido levado a cabo a partir de um primeiro disparo e, pouco depois, de um segundo.<\/p>\n<p>Uma s\u00e9rie de pa\u00edses e organiza\u00e7\u00f5es reagiram, classificando o <a href=\"https:\/\/www.publico.pt\/2025\/08\/25\/mundo\/noticia\/ataque-israelita-hospital-sul-gaza-mata-15-pessoas-2144866\" rel=\"nofollow noopener\" target=\"_blank\">ataque<\/a> como \u201ctotalmente inaceit\u00e1vel\u201d (Comiss\u00e3o Europeia) ou \u201ccompletamente indefens\u00e1vel\u201d (Keir Starmer, primeiro-ministro brit\u00e2nico).<\/p>\n<p>O primeiro-ministro de Israel afirmou, num comunicado do seu gabinete para a imprensa internacional, que lamentava profundamente o incidente tr\u00e1gico e prometeu uma investiga\u00e7\u00e3o. O Haaretz sublinhava que n\u00e3o foi emitido qualquer comunicado em hebraico para a imprensa israelita sobre o mesmo assunto.<\/p>\n<p>O chanceler da Alemanha, Friedrich Merz, destacou-se ao afirmar que achava que Israel n\u00e3o tinha tido como objectivo atingir e matar os jornalistas e que revelaria a sua opini\u00e3o final depois de saber o resultado de uma investiga\u00e7\u00e3o prometida por Israel.<\/p>\n<p>O Ex\u00e9rcito declarou nesta ter\u00e7a-feira que, ap\u00f3s uma avalia\u00e7\u00e3o preliminar, eram precisas mais investiga\u00e7\u00f5es para \u201cexaminar v\u00e1rias lacunas\u201d, incluindo omiss\u00f5es relativas \u00e0 autoriza\u00e7\u00e3o para o disparo (sendo um hospital, deveria ser de uma patente superior), \u00e0 muni\u00e7\u00e3o usada e ao processo de decis\u00e3o.<\/p>\n<p>Os militares afirmam que o ataque teve como motivo a indica\u00e7\u00e3o de que o Hamas teria instalado uma c\u00e2mara no local para monitorizar os movimentos das for\u00e7as israelitas.<\/p>\n<p>Da ONU, o porta-voz do alto-comissariado dos Direitos Humanos disse que o n\u00famero de jornalistas mortos em Gaza \u2013 189, segundo o Committee to Protect Journalists \u2013 levantava muitas quest\u00f5es. \u201cTem de haver justi\u00e7a\u201d, declarou o porta-voz, acrescentando que, \u201cno passado, as autoridades israelitas anunciaram investiga\u00e7\u00f5es a mortes destas\u201d mas que n\u00e3o \u201clevaram a resultados ou responsabiliza\u00e7\u00e3o\u201d.<\/p>\n<p>O porta-voz para os Assuntos Externos da Comiss\u00e3o Europeia, Anouar El Anouni, disse que civis e jornalistas \u201ct\u00eam de ser protegidos pelo direito internacional\u201d, cita a BBC. \u201cOs civis em Gaza t\u00eam sofrido muito e h\u00e1 muito tempo, e chegou a altura de quebrar o ciclo de viol\u00eancia.\u201d<\/p>\n<p>Jornalistas e trabalhadores humanit\u00e1rios prestaram, entretanto, homenagens aos colegas mortos. As palavras de Mariam Abu Dagga, de 33 anos, no testamento que deixou foram muito repetidas. Pedia aos outros jornalistas que n\u00e3o chorassem no seu funeral, ao filho de 13 anos, Ghaith, pedia para que trabalhasse, que fosse excelente, que a fizesse ter orgulho e, um dia, que chamasse \u00e0 sua filha Mariam.<\/p>\n<p>As autoridades de Gaza contabilizavam na manh\u00e3 desta ter\u00e7a-feira 75 mortes em ataques do Ex\u00e9rcito de Israel, incluindo 17 junto a locais de distribui\u00e7\u00e3o de ajuda.<\/p>\n<p>Protestos para cessar-fogo<\/p>\n<p>Enquanto isso, voltaram a repetir-se os protestos para que o Governo aceite um acordo com o Hamas para um cessar-fogo em Gaza e para a liberta\u00e7\u00e3o dos ref\u00e9ns, quando uma reuni\u00e3o do gabinete de Seguran\u00e7a terminou sem ser discutido, segundo os media israelitas, o recome\u00e7o de negocia\u00e7\u00f5es para um cessar-fogo em Gaza.<\/p>\n<p>Netanyahu est\u00e1 entre a press\u00e3o da opini\u00e3o p\u00fablica (a maioria quer um acordo) e a opini\u00e3o dos militares, por um lado, e as exig\u00eancias dos ministros extremistas da sua coliga\u00e7\u00e3o, que amea\u00e7am demitir-se e fazer cair o Governo, se a guerra n\u00e3o continuar, por outro.<\/p>\n<p>Na Pra\u00e7a dos Ref\u00e9ns, em Telavive, uma s\u00e9rie de sobreviventes do Holocausto juntaram-se ao protesto. Uma delas foi <a href=\"https:\/\/www.publico.pt\/2007\/03\/05\/jornal\/exembaixadora-em-lisboa-quer-ser-presidente-de-israel-178780\" rel=\"nofollow noopener\" target=\"_blank\">Colette Avital<\/a>, antiga embaixadora de Israel em Lisboa (1988-1996) e que foi tamb\u00e9m deputada do Partido Trabalhista e candidata \u00e0 presid\u00eancia.<\/p>\n<p>\u201cSabemos o que \u00e9 um Holocausto, o que \u00e9 a fome, o que \u00e9 o medo\u201d, disse Avital, citada pelo Times of Israel. Na pra\u00e7a, uma mesa coberta com um pano negro, pratos vazios, restos de p\u00e3o pita, latas e areia, mostrando as dif\u00edceis condi\u00e7\u00f5es que atravessam os ref\u00e9ns.<\/p>\n<p>\u201cViemos para este pa\u00eds com valores de solidariedade. Aprendemos que n\u00e3o deixamos ningu\u00e9m para tr\u00e1s.\u201d Mas \u201cn\u00e3o estamos a ver o Governo fazer o que \u00e9 preciso para trazer de volta [os ref\u00e9ns]\u201d.<\/p>\n","protected":false},"excerpt":{"rendered":"O Ex\u00e9rcito de Israel disse nesta ter\u00e7a-feira que ap\u00f3s uma avalia\u00e7\u00e3o preliminar ao ataque ocorrido na v\u00e9spera contra&hellip;\n","protected":false},"author":2,"featured_media":46682,"comment_status":"","ping_status":"","sticky":false,"template":"","format":"standard","meta":{"footnotes":""},"categories":[50],"tags":[27,28,257,15,16,255,14,259,25,26,21,22,432,62,12,13,19,20,910,23,24,17,18,29,30,31,63,64,65],"class_list":{"0":"post-46681","1":"post","2":"type-post","3":"status-publish","4":"format-standard","5":"has-post-thumbnail","7":"category-mundo","8":"tag-breaking-news","9":"tag-breakingnews","10":"tag-faixa-de-gaza","11":"tag-featured-news","12":"tag-featurednews","13":"tag-hamas","14":"tag-headlines","15":"tag-israel","16":"tag-latest-news","17":"tag-latestnews","18":"tag-main-news","19":"tag-mainnews","20":"tag-medio-oriente","21":"tag-mundo","22":"tag-news","23":"tag-noticias","24":"tag-noticias-principais","25":"tag-noticiasprincipais","26":"tag-onu","27":"tag-principais-noticias","28":"tag-principaisnoticias","29":"tag-top-stories","30":"tag-topstories","31":"tag-ultimas","32":"tag-ultimas-noticias","33":"tag-ultimasnoticias","34":"tag-world","35":"tag-world-news","36":"tag-worldnews"},"share_on_mastodon":{"url":"","error":""},"_links":{"self":[{"href":"https:\/\/www.europesays.com\/pt\/wp-json\/wp\/v2\/posts\/46681","targetHints":{"allow":["GET"]}}],"collection":[{"href":"https:\/\/www.europesays.com\/pt\/wp-json\/wp\/v2\/posts"}],"about":[{"href":"https:\/\/www.europesays.com\/pt\/wp-json\/wp\/v2\/types\/post"}],"author":[{"embeddable":true,"href":"https:\/\/www.europesays.com\/pt\/wp-json\/wp\/v2\/users\/2"}],"replies":[{"embeddable":true,"href":"https:\/\/www.europesays.com\/pt\/wp-json\/wp\/v2\/comments?post=46681"}],"version-history":[{"count":0,"href":"https:\/\/www.europesays.com\/pt\/wp-json\/wp\/v2\/posts\/46681\/revisions"}],"wp:featuredmedia":[{"embeddable":true,"href":"https:\/\/www.europesays.com\/pt\/wp-json\/wp\/v2\/media\/46682"}],"wp:attachment":[{"href":"https:\/\/www.europesays.com\/pt\/wp-json\/wp\/v2\/media?parent=46681"}],"wp:term":[{"taxonomy":"category","embeddable":true,"href":"https:\/\/www.europesays.com\/pt\/wp-json\/wp\/v2\/categories?post=46681"},{"taxonomy":"post_tag","embeddable":true,"href":"https:\/\/www.europesays.com\/pt\/wp-json\/wp\/v2\/tags?post=46681"}],"curies":[{"name":"wp","href":"https:\/\/api.w.org\/{rel}","templated":true}]}}