{"id":466886,"date":"2026-07-29T22:04:13","date_gmt":"2026-07-29T22:04:13","guid":{"rendered":"https:\/\/www.europesays.com\/pt\/466886\/"},"modified":"2026-07-29T22:04:13","modified_gmt":"2026-07-29T22:04:13","slug":"como-fotografar-o-eclipse-total-de-forma-segura","status":"publish","type":"post","link":"https:\/\/www.europesays.com\/pt\/466886\/","title":{"rendered":"Como fotografar o eclipse total de forma segura"},"content":{"rendered":"<p class=\"wp-caption-text top\"><a href=\"https:\/\/commons.wikimedia.org\/wiki\/File:Hinode_Observes_Annular_Solar_Eclipse,_4_Jan_2011.jpg\" rel=\"nofollow noopener\" data-wpel-link=\"external\" class=\"ext-link\" target=\"_blank\">Hinode \/XRT \/ Wikimedia<\/a><\/p>\n<p><img loading=\"eager\" fetchpriority=\"high\" decoding=\"async\" class=\"wp-image-59901 size-kopa-image-size-3\" src=\"https:\/\/www.europesays.com\/pt\/wp-content\/uploads\/2026\/07\/61698feca987f2e392b602733a24d07f-783x450.jpg\" alt=\"\" width=\"700\" height=\"402\"  \/><\/p>\n<p class=\"wp-caption-text bot\">Eclipse total do Sol<\/p>\n<p><strong>12 de agosto de 2026 \u00e9 o dia em que Portugal vai ver o Sol ser eclipsado totalmente pela primeira vez em 114 anos. Eis o que fazer se quiser eternizar o momento.<\/strong><\/p>\n<p>Por esta altura, j\u00e1 deve saber que vem a\u00ed o <a href=\"https:\/\/zap.aeiou.pt\/vem-ai-o-eclipse-das-nossas-vidas-mas-ha-cuidados-a-ter-756095\" data-wpel-link=\"internal\" rel=\"nofollow noopener\" target=\"_blank\">eclipse das nossas vidas<\/a>, a 12 de agosto, o dia em que Portugal inteiro vai ter o privil\u00e9gio \u2014 ao fim da tarde, por volta das 19h30 \u2014 de assistir ao primeiro eclipse solar total em 114 anos e o \u00faltimo para os pr\u00f3ximos 100 anos, no m\u00ednimo.<\/p>\n<p>Num momento como este, o instinto de muita gente pode ser pegar no telem\u00f3vel e desatar a fotografar, mas captar um eclipse solar total n\u00e3o tem nada a ver com tirar fotografias do seu c\u00e3o ou da Lua numa noite \u201cnormal\u201d.<\/p>\n<p>Babak Tafreshi, fot\u00f3grafo do c\u00e9u noturno e Explorador da <a href=\"https:\/\/www.nationalgeographic.com\/photography\/article\/how-to-photograph-solar-eclipse\" data-wpel-link=\"external\" rel=\"noopener nofollow\" class=\"ext-link\" target=\"_blank\">National Geographic<\/a>, reuniu algumas das li\u00e7\u00f5es que aprendeu ao documentar 13 eclipses nos sete continentes ao longo de tr\u00eas d\u00e9cadas.<\/p>\n<p>1. Prote\u00e7\u00e3o dos olhos<\/p>\n<p>A primeira grande preocupa\u00e7\u00e3o, antes das fotos, deve ser a prote\u00e7\u00e3o dos olhos. Mesmo quando grande parte do Sol est\u00e1 tapada pela Lua, olhar directamente para o astro pode provocar les\u00f5es graves e permanentes. Durante as fases parciais, \u00e9 indispens\u00e1vel usar \u00f3culos pr\u00f3prios para eclipses, milhares de vezes mais escuros do que \u00f3culos de sol convencionais.<\/p>\n<p>No caso do eclipse total do pr\u00f3ximo dia 12, os espectadores podem tirar os \u00f3culos durante os 26 segundos de cobertura total.<\/p>\n<p>2. Prote\u00e7\u00e3o das c\u00e2maras<\/p>\n<p>Tal como os nossos olhos, as c\u00e2maras, telesc\u00f3pios e bin\u00f3culos tamb\u00e9m precisam de filtros solares adequados. Colocar \u00f3culos de eclipse diante de uma lente n\u00e3o \u00e9 suficiente, uma vez que os raios concentrados pelo equipamento podem atravessar ou danificar o filtro. N\u00e3o use \u00f3culos de sol, vidro fumado, pel\u00edculas fotogr\u00e1ficas, radiografias nem filtros fotogr\u00e1ficos ND comuns.<\/p>\n<p>Apenas durante a totalidade, quando o Sol fica completamente ocultado, \u00e9 seguro retirar a prote\u00e7\u00e3o. O filtro deve voltar a ser colocado assim que reaparecer a mais pequena parcela do disco solar.<\/p>\n<p>Se fotografar com o smartphone, o ideal \u00e9 cobrir todo o m\u00f3dulo de c\u00e2maras, porque alguns telem\u00f3veis mudam automaticamente de lente quando se aplica zoom.<\/p>\n<p>Durante um eclipse parcial, mesmo que reste apenas uma pequena faixa solar, o filtro nunca deve ser retirado. No eclipse de 12 de agosto, a totalidade s\u00f3 ser\u00e1 vis\u00edvel numa pequena zona do nordeste de Portugal, em Bragan\u00e7a. Em Lisboa e na maior parte do pa\u00eds, o eclipse ser\u00e1 quase total, mas ainda assim parcial; nessas regi\u00f5es, o filtro deve permanecer colocado do princ\u00edpio ao fim.<\/p>\n<p>3. Com que, como e o que fotografar<\/p>\n<p>A escolha da objetiva depende do tipo de imagem pretendido. Uma grande angular permite integrar a paisagem, as nuvens, as cores do horizonte, pessoas, animais ou \u00e1rvores. Durante a fase parcial, a luz que atravessa a folhagem pode projetar no ch\u00e3o dezenas de pequenos crescentes solares. Em locais elevados, tamb\u00e9m pode ser poss\u00edvel observar a sombra da Lua a avan\u00e7ar sobre a paisagem.<\/p>\n<p>Uma teleobjetiva, por outro lado, \u00e9 mais adequada para captar grandes planos da coroa solar, de proemin\u00eancias e de outros pormenores da atividade do Sol.<\/p>\n<p>Nos segundos que antecedem e sucedem \u00e0 totalidade, pode ainda surgir o chamado \u201canel de diamante\u201d, quando um ponto luminoso do Sol permanece vis\u00edvel junto de um fino c\u00edrculo de luz.<\/p>\n<p>Tafreshi recomenda dist\u00e2ncias focais entre 400 e 600 mm para imagens aproximadas e entre 14 e 20 mm para composi\u00e7\u00f5es abertas.<\/p>\n<p>Um trip\u00e9 est\u00e1vel e um comando \u00e0 dist\u00e2ncia ajudam a evitar vibra\u00e7\u00f5es. Desative o flash e limpe cuidadosamente as lentes antes de come\u00e7ar.<\/p>\n<p>Na aus\u00eancia de comando, pode usar-se o temporizador da c\u00e2mara ou smartphone. O fot\u00f3grafo aconselha um ISO baixo, foco manual e tempos de exposi\u00e7\u00e3o entre 1\/2 e 1\/10 de segundo, ou mais r\u00e1pidos, ajustados \u00e0s condi\u00e7\u00f5es. Nas c\u00e2maras, a fun\u00e7\u00e3o de bloqueio do espelho reduz o risco de imagens tremidas. Num telem\u00f3vel, \u00e9 aconselh\u00e1vel usar um pequeno trip\u00e9 e fotografar em formato RAW, se poss\u00edvel.<\/p>\n","protected":false},"excerpt":{"rendered":"Hinode \/XRT \/ Wikimedia Eclipse total do Sol 12 de agosto de 2026 \u00e9 o dia em que&hellip;\n","protected":false},"author":2,"featured_media":466887,"comment_status":"","ping_status":"","sticky":false,"template":"","format":"standard","meta":{"footnotes":"","_share_on_mastodon":"0"},"categories":[144],"tags":[207,205,206,203,201,202,443,204,114,115,2085,2179,32,33,954,2836,4057],"class_list":["post-466886","post","type-post","status-publish","format-standard","has-post-thumbnail","category-arte-e-design","tag-arte","tag-arte-e-design","tag-artedesign","tag-arts","tag-arts-and-design","tag-artsanddesign","tag-astronomia","tag-design","tag-entertainment","tag-entretenimento","tag-fotografia","tag-lua","tag-portugal","tag-pt","tag-smartphones","tag-sol","tag-telemoveis"],"share_on_mastodon":{"url":"https:\/\/pubeurope.com\/@pt\/117005534850395400","error":""},"_links":{"self":[{"href":"https:\/\/www.europesays.com\/pt\/wp-json\/wp\/v2\/posts\/466886","targetHints":{"allow":["GET"]}}],"collection":[{"href":"https:\/\/www.europesays.com\/pt\/wp-json\/wp\/v2\/posts"}],"about":[{"href":"https:\/\/www.europesays.com\/pt\/wp-json\/wp\/v2\/types\/post"}],"author":[{"embeddable":true,"href":"https:\/\/www.europesays.com\/pt\/wp-json\/wp\/v2\/users\/2"}],"replies":[{"embeddable":true,"href":"https:\/\/www.europesays.com\/pt\/wp-json\/wp\/v2\/comments?post=466886"}],"version-history":[{"count":0,"href":"https:\/\/www.europesays.com\/pt\/wp-json\/wp\/v2\/posts\/466886\/revisions"}],"wp:featuredmedia":[{"embeddable":true,"href":"https:\/\/www.europesays.com\/pt\/wp-json\/wp\/v2\/media\/466887"}],"wp:attachment":[{"href":"https:\/\/www.europesays.com\/pt\/wp-json\/wp\/v2\/media?parent=466886"}],"wp:term":[{"taxonomy":"category","embeddable":true,"href":"https:\/\/www.europesays.com\/pt\/wp-json\/wp\/v2\/categories?post=466886"},{"taxonomy":"post_tag","embeddable":true,"href":"https:\/\/www.europesays.com\/pt\/wp-json\/wp\/v2\/tags?post=466886"}],"curies":[{"name":"wp","href":"https:\/\/api.w.org\/{rel}","templated":true}]}}