{"id":467066,"date":"2026-07-30T03:16:12","date_gmt":"2026-07-30T03:16:12","guid":{"rendered":"https:\/\/www.europesays.com\/pt\/467066\/"},"modified":"2026-07-30T03:16:12","modified_gmt":"2026-07-30T03:16:12","slug":"dia-mundial-de-luta-contra-as-hepatites-virais-6-formas-de-prevenir-as-doencas","status":"publish","type":"post","link":"https:\/\/www.europesays.com\/pt\/467066\/","title":{"rendered":"Dia Mundial de Luta contra as Hepatites Virais: 6 formas de prevenir as doen\u00e7as"},"content":{"rendered":"<p>Celebrado em 28 de julho, o Dia Mundial de Luta contra as Hepatites Virais busca conscientizar a popula\u00e7\u00e3o sobre doen\u00e7as que, muitas vezes, evoluem silenciosamente. As hepatites virais s\u00e3o infec\u00e7\u00f5es que provocam inflama\u00e7\u00e3o no f\u00edgado e podem ser causadas pelos v\u00edrus A, B, C, D e E. Em muitos casos, os sintomas s\u00f3 aparecem quando j\u00e1 h\u00e1 comprometimento significativo do \u00f3rg\u00e3o, tornando a preven\u00e7\u00e3o e o diagn\u00f3stico precoce ainda mais importantes.<\/p>\n<p>Segundo Cleciene Musquim, coordenadora do curso de Enfermagem da Faculdade Anhanguera, muitas pessoas convivem com a doen\u00e7a sem saber, especialmente nos casos das hepatites B e C. \u201cAs hepatites virais podem permanecer assintom\u00e1ticas por anos. Por isso, al\u00e9m da preven\u00e7\u00e3o, \u00e9 fundamental que as pessoas realizem testes quando houver indica\u00e7\u00e3o e mantenham a <strong>vacina\u00e7\u00e3o<\/strong> em dia. O diagn\u00f3stico precoce aumenta significativamente as chances de tratamento e reduz o risco de complica\u00e7\u00f5es, como cirrose e c\u00e2ncer de f\u00edgado\u201d, explica.<\/p>\n<p>A seguir, a especialista destaca seis medidas que ajudam a reduzir o risco de infec\u00e7\u00e3o. Confira!<\/p>\n<p>1. Mantenha a vacina\u00e7\u00e3o em dia<\/p>\n<p>A vacina\u00e7\u00e3o \u00e9 uma das formas mais eficazes de preven\u00e7\u00e3o contra as hepatites A e B, dispon\u00edveis gratuitamente pelo Sistema \u00danico de Sa\u00fade (SUS). A imuniza\u00e7\u00e3o reduz significativamente o risco de infec\u00e7\u00e3o e contribui para diminuir a circula\u00e7\u00e3o dos v\u00edrus na popula\u00e7\u00e3o.<\/p>\n<p>2. N\u00e3o compartilhe objetos de uso pessoal<\/p>\n<p>L\u00e2minas de barbear, alicates de unha, escovas de dente e outros objetos que possam entrar em contato com sangue nunca devem ser compartilhados. Segundo Cleciene Musquim, embora muitas pessoas n\u00e3o percebam, pequenas les\u00f5es s\u00e3o suficientes para possibilitar a <strong>transmiss\u00e3o<\/strong> dos v\u00edrus, principalmente das hepatites B e C.<\/p>\n<p>3. Exija materiais esterilizados ou descart\u00e1veis<\/p>\n<p>Procedimentos como coloca\u00e7\u00e3o de piercings, tatuagens, manicure, pedicure e atendimentos odontol\u00f3gicos devem ser realizados apenas em locais que sigam rigorosamente as normas de biosseguran\u00e7a.  No caso dos cuidados com as unhas, uma excelente alternativa de preven\u00e7\u00e3o \u00e9 levar o pr\u00f3prio kit de alicate, esp\u00e1tula e tesoura de casa, garantindo que ningu\u00e9m mais os utilizou.<\/p>\n<p>\u201c\u00c9 importante observar se os materiais s\u00e3o descart\u00e1veis ou passam por processos adequados de esteriliza\u00e7\u00e3o. Esse cuidado reduz o risco de transmiss\u00e3o n\u00e3o apenas das <strong>hepatites<\/strong> virais, mas tamb\u00e9m de outras infec\u00e7\u00f5es\u201d, orienta Cleciene Musquim.<\/p>\n<p>4. Utilize preservativo nas rela\u00e7\u00f5es sexuais<\/p>\n<p>O uso do preservativo continua sendo uma das principais formas de preven\u00e7\u00e3o da hepatite B e reduz o risco de transmiss\u00e3o de outras infec\u00e7\u00f5es sexualmente transmiss\u00edveis. Al\u00e9m da prote\u00e7\u00e3o individual, essa pr\u00e1tica contribui para interromper a cadeia de transmiss\u00e3o dos v\u00edrus.<\/p>\n<p><img src=\"https:\/\/www.europesays.com\/pt\/wp-content\/uploads\/2026\/07\/testedesanguehepatite-1024x683-1.png\" alt=\"Jovem com cabelo loiro, usando camiseta rosa, cal\u00e7a jeans, deitada em maca para realizar exame de sangue com enfermeira com o cabelo claro amarrado em rabo de cavalo, usando uniforme branco preparando exame\" width=\"1024\" height=\"683\" class=\"wp-image-643744\" loading=\"lazy\" decoding=\"async\" style=\"width:100%;height:auto\"\/>A realiza\u00e7\u00e3o de exames permite o diagn\u00f3stico precoce das hepatites virais e aumenta as chances de sucesso no tratamento (Imagem: Svitlana Hulko | Shutterstock) <\/p>\n<p>5. Fa\u00e7a testes quando houver fatores de risco<\/p>\n<p>Pessoas que receberam transfus\u00e3o de sangue antes da amplia\u00e7\u00e3o dos testes de triagem, profissionais da sa\u00fade, indiv\u00edduos com m\u00faltiplos parceiros sexuais ou que compartilham materiais perfurocortantes devem conversar com um profissional de sa\u00fade sobre a realiza\u00e7\u00e3o de exames.<\/p>\n<p>Mesmo sem apresentar sintomas, uma pessoa pode estar infectada pelo v\u00edrus da hepatite C. Segundo o Minist\u00e9rio da Sa\u00fade, cerca de 80% dos casos s\u00e3o assintom\u00e1ticos, refor\u00e7ando a import\u00e2ncia da testagem para o diagn\u00f3stico precoce e o in\u00edcio do tratamento.<\/p>\n<p>\u201cEsperar o aparecimento de sinais cl\u00ednicos pode atrasar o diagn\u00f3stico. Em muitos casos, a infec\u00e7\u00e3o \u00e9 descoberta durante exames de rotina ou por meio de campanhas de testagem. Quanto mais cedo a doen\u00e7a \u00e9 identificada, maiores s\u00e3o as possibilidades de tratamento e de preven\u00e7\u00e3o das complica\u00e7\u00f5es\u201d, afirma Cleciene Musquim.<\/p>\n<p>6. Adote medidas de higiene para prevenir a hepatite A\u00a0<\/p>\n<p>Diferentemente dos tipos B e C, a <strong>hepatite A<\/strong> \u00e9 transmitida pela via fecal-oral, pelo contato com \u00e1gua ou alimentos contaminados. Por isso, al\u00e9m da vacina\u00e7\u00e3o infantil, os cuidados com a higiene e o saneamento s\u00e3o cruciais, especialmente em situa\u00e7\u00f5es de vulnerabilidade ou surtos.<\/p>\n<p>\u201cLavar as m\u00e3os cuidadosamente com \u00e1gua e sab\u00e3o ap\u00f3s usar o banheiro e antes de preparar ou consumir alimentos \u00e9 essencial. Tamb\u00e9m \u00e9 fundamental consumir apenas \u00e1gua tratada, filtrada ou fervida, al\u00e9m de higienizar muito bem frutas, legumes e verduras em \u00e1gua corrente e, se poss\u00edvel, deix\u00e1-los em solu\u00e7\u00e3o clorada antes do consumo, especialmente se forem ingeridos crus\u201d, destaca Cleciene Musquim.<\/p>\n<p>N\u00e3o espere os sintomas aparecerem<\/p>\n<p>Embora alguns tipos de hepatite possam causar <strong>sintomas<\/strong> como cansa\u00e7o, febre, n\u00e1useas, dor abdominal, urina escura e pele ou olhos amarelados, a aus\u00eancia desses sinais n\u00e3o significa que a pessoa esteja livre da doen\u00e7a. \u201cA preven\u00e7\u00e3o depende de um conjunto de atitudes que envolvem vacina\u00e7\u00e3o, pr\u00e1ticas seguras, acesso aos servi\u00e7os de sa\u00fade e conscientiza\u00e7\u00e3o da popula\u00e7\u00e3o. Quanto maior o conhecimento sobre as formas de transmiss\u00e3o, maiores s\u00e3o as chances de reduzir novos casos e proteger a sa\u00fade do f\u00edgado\u201d, explica Cleciene Musquim.<\/p>\n<p>Mesmo na aus\u00eancia de sintomas, procurar os servi\u00e7os de sa\u00fade pode fazer toda a diferen\u00e7a para identificar a doen\u00e7a precocemente. \u201cN\u00e3o espere pelos sintomas, procure a unidade de sa\u00fade do SUS mais pr\u00f3xima para fazer uma avalia\u00e7\u00e3o e realizar os testes r\u00e1pidos de rotina. O diagn\u00f3stico precoce \u00e9 gratuito, seguro e salva vidas\u201d, ressalta.<\/p>\n<p>Al\u00e9m das formas de preven\u00e7\u00e3o, a especialista destaca que a hepatite C apresenta altas taxas de cura quando identificada precocemente.<strong> <\/strong>\u201c\u00c9 importante destacar que at\u00e9 95% dos casos de hepatite C t\u00eam cura. O SUS disponibiliza gratuitamente tratamentos modernos com comprimidos chamados antivirais de a\u00e7\u00e3o direta (DAA), tomados por 12 a 24 semanas. Por isso, descobrir a doen\u00e7a cedo \u00e9 o primeiro passo para se livrar do v\u00edrus\u201d, finaliza.<\/p>\n<p>Por Priscila Dezid\u00e9rio<\/p>\n","protected":false},"excerpt":{"rendered":"Celebrado em 28 de julho, o Dia Mundial de Luta contra as Hepatites Virais busca conscientizar a popula\u00e7\u00e3o&hellip;\n","protected":false},"author":2,"featured_media":467067,"comment_status":"","ping_status":"","sticky":false,"template":"","format":"standard","meta":{"footnotes":"","_share_on_mastodon":"0"},"categories":[86],"tags":[3056,50174,116,19686,150,13,214,32,2064,33,766,1645,117],"class_list":["post-467066","post","type-post","status-publish","format-standard","has-post-thumbnail","category-saude","tag-ao-vivo","tag-flash-back","tag-health","tag-metropolitana-fm","tag-musica","tag-noticias","tag-pop","tag-portugal","tag-promocoes","tag-pt","tag-radio","tag-rock","tag-saude"],"share_on_mastodon":{"url":"https:\/\/pubeurope.com\/@pt\/117006761634793976","error":""},"_links":{"self":[{"href":"https:\/\/www.europesays.com\/pt\/wp-json\/wp\/v2\/posts\/467066","targetHints":{"allow":["GET"]}}],"collection":[{"href":"https:\/\/www.europesays.com\/pt\/wp-json\/wp\/v2\/posts"}],"about":[{"href":"https:\/\/www.europesays.com\/pt\/wp-json\/wp\/v2\/types\/post"}],"author":[{"embeddable":true,"href":"https:\/\/www.europesays.com\/pt\/wp-json\/wp\/v2\/users\/2"}],"replies":[{"embeddable":true,"href":"https:\/\/www.europesays.com\/pt\/wp-json\/wp\/v2\/comments?post=467066"}],"version-history":[{"count":0,"href":"https:\/\/www.europesays.com\/pt\/wp-json\/wp\/v2\/posts\/467066\/revisions"}],"wp:featuredmedia":[{"embeddable":true,"href":"https:\/\/www.europesays.com\/pt\/wp-json\/wp\/v2\/media\/467067"}],"wp:attachment":[{"href":"https:\/\/www.europesays.com\/pt\/wp-json\/wp\/v2\/media?parent=467066"}],"wp:term":[{"taxonomy":"category","embeddable":true,"href":"https:\/\/www.europesays.com\/pt\/wp-json\/wp\/v2\/categories?post=467066"},{"taxonomy":"post_tag","embeddable":true,"href":"https:\/\/www.europesays.com\/pt\/wp-json\/wp\/v2\/tags?post=467066"}],"curies":[{"name":"wp","href":"https:\/\/api.w.org\/{rel}","templated":true}]}}