{"id":467306,"date":"2026-07-30T10:37:30","date_gmt":"2026-07-30T10:37:30","guid":{"rendered":"https:\/\/www.europesays.com\/pt\/467306\/"},"modified":"2026-07-30T10:37:30","modified_gmt":"2026-07-30T10:37:30","slug":"miguel-maya-antonio-horta-osorio-e-um-excelente-banqueiro-e-vai-por-o-concorrente-novobanco-mais-forte","status":"publish","type":"post","link":"https:\/\/www.europesays.com\/pt\/467306\/","title":{"rendered":"Miguel Maya: &#8220;Ant\u00f3nio Horta-Os\u00f3rio \u00e9 um excelente banqueiro&#8221; e vai p\u00f4r o concorrente Novobanco mais forte"},"content":{"rendered":"<p>        Miguel Maya, questionado na confer\u00eancia de imprensa sobre o regresso de Ant\u00f3nio Horta-Os\u00f3rio \u00e0 banca portuguesa, uma vez que est\u00e1 apontado para vice-chairman do Novobanco, classificou-o como \u201cum banqueiro com um curr\u00edculo excecional\u201d e disse esperar que a sua chegada torne o Novobanco \u201cainda mais forte\u201d.    <\/p>\n<p><img decoding=\"async\" src=\"https:\/\/www.europesays.com\/pt\/wp-content\/uploads\/2026\/07\/DOC.20250521.45012961.PET_7985-scaled-e1747950705600-36255ecc.jpeg\" width=\"960\" height=\"640\" class=\"el-image\" alt=\"\" loading=\"lazy\"\/><\/p>\n<p>O CEO do Millennium bcp, Miguel Maya Dias Pinheiro, \u00e0 chegada para intervir durante a confer\u00eancia de imprensa para apresenta\u00e7\u00e3o dos resultados do 1\u00ba trimestre de 2025, em Oeiras, 21 de maio de 2025. TIAGO PETINGA\/LUSA<\/p>\n<p>29 Julho 2026, 19h24<\/p>\n<p class=\"isSelectedEnd\">Miguel Maya, questionado na confer\u00eancia de imprensa sobre o regresso de Ant\u00f3nio Horta-Os\u00f3rio \u00e0 banca portuguesa, uma vez que est\u00e1 apontado para vice-chairman do Novobanco, classificou-o como \u201cum banqueiro com um curr\u00edculo excecional\u201d e disse esperar que a sua chegada torne o Novobanco \u201cainda mais forte\u201d.<\/p>\n<p class=\"isSelectedEnd\">O CEO do BCP disse que \u201c\u00e9 bom, obriga-nos a n\u00f3s tamb\u00e9m a correr mais\u201d, recusando alongar-se sobre o tema por considerar tratar-se de uma decis\u00e3o respeitante a outra institui\u00e7\u00e3o.<\/p>\n<p>O Jornal Econ\u00f3mico avan\u00e7ou que Nicolas Namias convidou o ex-presidente do Lloyds Bank para o conselho de administra\u00e7\u00e3o do Novobanco, que est\u00e1 neste momento em remodela\u00e7\u00e3o para espelhar o modelo de governance do BPCE.<\/p>\n<p>A lista dos novos membros do board do Novobanco j\u00e1 deu entrada no Banco de Portugal, para a respetiva an\u00e1lise de fit and proper (adequa\u00e7\u00e3o e idoneidade), apurou o Econ\u00f3mico.<\/p>\n","protected":false},"excerpt":{"rendered":"Miguel Maya, questionado na confer\u00eancia de imprensa sobre o regresso de Ant\u00f3nio Horta-Os\u00f3rio \u00e0 banca portuguesa, uma vez&hellip;\n","protected":false},"author":2,"featured_media":467307,"comment_status":"","ping_status":"","sticky":false,"template":"","format":"standard","meta":{"footnotes":"","_share_on_mastodon":"0"},"categories":[83],"tags":[8655,88,89,90,32,33],"class_list":["post-467306","post","type-post","status-publish","format-standard","has-post-thumbnail","category-empresas","tag-bcp","tag-business","tag-economy","tag-empresas","tag-portugal","tag-pt"],"share_on_mastodon":{"url":"https:\/\/pubeurope.com\/@pt\/117008495923531554","error":""},"_links":{"self":[{"href":"https:\/\/www.europesays.com\/pt\/wp-json\/wp\/v2\/posts\/467306","targetHints":{"allow":["GET"]}}],"collection":[{"href":"https:\/\/www.europesays.com\/pt\/wp-json\/wp\/v2\/posts"}],"about":[{"href":"https:\/\/www.europesays.com\/pt\/wp-json\/wp\/v2\/types\/post"}],"author":[{"embeddable":true,"href":"https:\/\/www.europesays.com\/pt\/wp-json\/wp\/v2\/users\/2"}],"replies":[{"embeddable":true,"href":"https:\/\/www.europesays.com\/pt\/wp-json\/wp\/v2\/comments?post=467306"}],"version-history":[{"count":0,"href":"https:\/\/www.europesays.com\/pt\/wp-json\/wp\/v2\/posts\/467306\/revisions"}],"wp:featuredmedia":[{"embeddable":true,"href":"https:\/\/www.europesays.com\/pt\/wp-json\/wp\/v2\/media\/467307"}],"wp:attachment":[{"href":"https:\/\/www.europesays.com\/pt\/wp-json\/wp\/v2\/media?parent=467306"}],"wp:term":[{"taxonomy":"category","embeddable":true,"href":"https:\/\/www.europesays.com\/pt\/wp-json\/wp\/v2\/categories?post=467306"},{"taxonomy":"post_tag","embeddable":true,"href":"https:\/\/www.europesays.com\/pt\/wp-json\/wp\/v2\/tags?post=467306"}],"curies":[{"name":"wp","href":"https:\/\/api.w.org\/{rel}","templated":true}]}}