{"id":46743,"date":"2025-08-27T01:48:13","date_gmt":"2025-08-27T01:48:13","guid":{"rendered":"https:\/\/www.europesays.com\/pt\/46743\/"},"modified":"2025-08-27T01:48:13","modified_gmt":"2025-08-27T01:48:13","slug":"real-oviedo-insiste-em-jogador-do-fc-porto-e-abre-negociacoes","status":"publish","type":"post","link":"https:\/\/www.europesays.com\/pt\/46743\/","title":{"rendered":"Real Oviedo insiste em jogador do FC Porto e abre negocia\u00e7\u00f5es"},"content":{"rendered":"<p>O Real Oviedo iniciou uma nova ronda negocial com o FC Porto, de maneira a garantir a contrata\u00e7\u00e3o de Zaidu Sanusi neste mercado de transfer\u00eancias. A informa\u00e7\u00e3o est\u00e1 a ser avan\u00e7ada pelo jornal A Bola, que indica que n\u00e3o existe interesse dos drag\u00f5es em negociarem um empr\u00e9stimo.<\/p>\n<p>O nigeriano deixar\u00e1 assim o FC Porto em definitivo, caso exista um acordo com a forma\u00e7\u00e3o orientada por Veljko Paunovic. O jogador soma esta temporada um total de tr\u00eas encontros, com uma assist\u00eancia.<\/p>\n<p><a href=\"https:\/\/bolanarede.pt\/etiqueta\/zaidu-sanusi\/\" target=\"_blank\" rel=\"noreferrer noopener nofollow\">Zaidu Sanusi <\/a>tem 28 anos e o seu contrato com os azuis e brancos \u00e9 v\u00e1lido at\u00e9 2027.<\/p>\n","protected":false},"excerpt":{"rendered":"O Real Oviedo iniciou uma nova ronda negocial com o FC Porto, de maneira a garantir a contrata\u00e7\u00e3o&hellip;\n","protected":false},"author":2,"featured_media":46744,"comment_status":"","ping_status":"","sticky":false,"template":"","format":"standard","meta":{"footnotes":""},"categories":[87],"tags":[260,135,282,32,479,33,9476,134,14020],"class_list":{"0":"post-46743","1":"post","2":"type-post","3":"status-publish","4":"format-standard","5":"has-post-thumbnail","7":"category-desporto","8":"tag-atualidade","9":"tag-desporto","10":"tag-fc-porto","11":"tag-portugal","12":"tag-primeira-liga","13":"tag-pt","14":"tag-real-oviedo","15":"tag-sports","16":"tag-zaidu-sanusi"},"share_on_mastodon":{"url":"","error":""},"_links":{"self":[{"href":"https:\/\/www.europesays.com\/pt\/wp-json\/wp\/v2\/posts\/46743","targetHints":{"allow":["GET"]}}],"collection":[{"href":"https:\/\/www.europesays.com\/pt\/wp-json\/wp\/v2\/posts"}],"about":[{"href":"https:\/\/www.europesays.com\/pt\/wp-json\/wp\/v2\/types\/post"}],"author":[{"embeddable":true,"href":"https:\/\/www.europesays.com\/pt\/wp-json\/wp\/v2\/users\/2"}],"replies":[{"embeddable":true,"href":"https:\/\/www.europesays.com\/pt\/wp-json\/wp\/v2\/comments?post=46743"}],"version-history":[{"count":0,"href":"https:\/\/www.europesays.com\/pt\/wp-json\/wp\/v2\/posts\/46743\/revisions"}],"wp:featuredmedia":[{"embeddable":true,"href":"https:\/\/www.europesays.com\/pt\/wp-json\/wp\/v2\/media\/46744"}],"wp:attachment":[{"href":"https:\/\/www.europesays.com\/pt\/wp-json\/wp\/v2\/media?parent=46743"}],"wp:term":[{"taxonomy":"category","embeddable":true,"href":"https:\/\/www.europesays.com\/pt\/wp-json\/wp\/v2\/categories?post=46743"},{"taxonomy":"post_tag","embeddable":true,"href":"https:\/\/www.europesays.com\/pt\/wp-json\/wp\/v2\/tags?post=46743"}],"curies":[{"name":"wp","href":"https:\/\/api.w.org\/{rel}","templated":true}]}}