{"id":46862,"date":"2025-08-27T03:50:10","date_gmt":"2025-08-27T03:50:10","guid":{"rendered":"https:\/\/www.europesays.com\/pt\/46862\/"},"modified":"2025-08-27T03:50:10","modified_gmt":"2025-08-27T03:50:10","slug":"dudu-camargo-recebe-criticas-ao-aparecer-irreconhecivel-ao-vivo","status":"publish","type":"post","link":"https:\/\/www.europesays.com\/pt\/46862\/","title":{"rendered":"Dudu Camargo recebe cr\u00edticas ao aparecer irreconhec\u00edvel ao vivo"},"content":{"rendered":"<p>\n                        Dudu Camargo recebe cr\u00edticas dos internautas ao aparecer irreconhec\u00edvel em programa ao vivo; veja\n                    <\/p>\n<p class=\"text\">Nesta segunda-feira (25\/6), <strong>Dudu Camargo<\/strong> voltou a ser alvo de cr\u00edticas ao apresentar o Bom Dia Meio Norte com o cabelo totalmente bagun\u00e7ado. J\u00e1 muito conhecido por um comportamento irreverente, o apresentador chamou aten\u00e7\u00e3o nas redes sociais, onde internautas n\u00e3o pouparam suas opini\u00f5es. &#8220;Jesus amado, olha o estado desse cabelo&#8221;, comentou um usu\u00e1rio. Outro escreveu: &#8220;Quando a pessoa chega nesse n\u00edvel de bagun\u00e7a, s\u00f3 pode ser depress\u00e3o profunda ou drogas. N\u00e3o existe outra explica\u00e7\u00e3o.&#8221;<\/p>\n<p><img loading=\"lazy\" decoding=\"async\" alt=\"Reprodu\u00e7\u00e3o\" class=\"img-a4b0d40f7fff1ed18fb6eb9731e3e997a2j1z4xs\" height=\"435\" src=\"https:\/\/www.europesays.com\/pt\/wp-content\/uploads\/2025\/08\/2113134503-contigo-8.png\"  title=\"Reprodu\u00e7\u00e3o\" width=\"774\"\/><\/p>\n<p>Reprodu\u00e7\u00e3o<\/p>\n<p>Foto: Contigo<\/p>\n<p>Pol\u00eamico!<\/p>\n<p class=\"text\">Os burburinhos trouxeram \u00e0 tona lembran\u00e7as de outras situa\u00e7\u00f5es pol\u00eamicas envolvendo o apresentador. Entre elas, o rumor que circulou em 2023, quando <strong>Dudu<\/strong> foi acusado de ter defecado no camarim do SBT, usado uma toalha para se limpar e escondido o material sujo. Na \u00e9poca, ele negou completamente a hist\u00f3ria, alegando &#8220;fake news&#8221;. O epis\u00f3dio acabou marcando sua sa\u00edda da emissora e se tornou um dos assuntos mais comentados do ano.<\/p>\n<p class=\"text\">A trajet\u00f3ria de<strong> Dudu Camargo<\/strong> \u00e9 turbulenta, a come\u00e7ar pelas cr\u00edticas devido a falta de forma\u00e7\u00e3o jornal\u00edstica, j\u00e1 que assumiu o Primeiro Impacto com apenas 18 anos. Surgiram muitas den\u00fancias de comportamento inadequado, como o epis\u00f3dio em que foi acusado de importuna\u00e7\u00e3o sexual durante uma cobertura de Carnaval. Al\u00e9m disso, a participa\u00e7\u00e3o pol\u00eamica no Programa Silvio Santos com <strong>Maisa Silva<\/strong>, em 2017, refor\u00e7ou sua fama de figura controversa na TV.<\/p>\n<p>Dudu tenta&#8230;<\/p>\n<p class=\"text\">Dudu tenta reconstruir a carreira na TV Meio Norte, mas epis\u00f3dios como o desta semana mostram que sua pessoa continua dividindo opini\u00f5es. O combo inusitado do cabelo desleixado, boatos de bastidores e atitudes incomuns, deixam o nome do comunicador na boca do povo.<\/p>\n<blockquote class=\"twitter-tweet\" id=\"1960051605283254453?ref_src=twsrc%5Etfw\">\n<p class=\"text\" dir=\"ltr\" lang=\"pt\">ANTES E DEPOIS<\/p>\n<p class=\"text\">Quando o Dudu Camargo evoluiu de Pokem\u00f3n que n\u00e3o vi? \ud83d\ude33 <a href=\"https:\/\/t.co\/BtrnisBkFm\" target=\"_blank\" rel=\"nofollow\">pic.twitter.com\/BtrnisBkFm<\/a><\/p>\n<p class=\"text\">\u2014 Luiz Ricardo (@excentricko) <a href=\"https:\/\/twitter.com\/excentricko\/status\/1960051605283254453?ref_src=twsrc%5Etfw\" target=\"_blank\" rel=\"nofollow noopener\">August 25, 2025<\/a><\/p>\n<\/blockquote>\n<p>                            <script async src=\"https:\/\/platform.twitter.com\/widgets.js\" charset=\"utf-8\"><\/script><\/p>\n","protected":false},"excerpt":{"rendered":"Dudu Camargo recebe cr\u00edticas dos internautas ao aparecer irreconhec\u00edvel em programa ao vivo; veja Nesta segunda-feira (25\/6), Dudu&hellip;\n","protected":false},"author":2,"featured_media":46863,"comment_status":"","ping_status":"","sticky":false,"template":"","format":"standard","meta":{"footnotes":""},"categories":[145],"tags":[211,210,114,115,32,33],"class_list":{"0":"post-46862","1":"post","2":"type-post","3":"status-publish","4":"format-standard","5":"has-post-thumbnail","7":"category-celebridades","8":"tag-celebridades","9":"tag-celebrities","10":"tag-entertainment","11":"tag-entretenimento","12":"tag-portugal","13":"tag-pt"},"share_on_mastodon":{"url":"","error":""},"_links":{"self":[{"href":"https:\/\/www.europesays.com\/pt\/wp-json\/wp\/v2\/posts\/46862","targetHints":{"allow":["GET"]}}],"collection":[{"href":"https:\/\/www.europesays.com\/pt\/wp-json\/wp\/v2\/posts"}],"about":[{"href":"https:\/\/www.europesays.com\/pt\/wp-json\/wp\/v2\/types\/post"}],"author":[{"embeddable":true,"href":"https:\/\/www.europesays.com\/pt\/wp-json\/wp\/v2\/users\/2"}],"replies":[{"embeddable":true,"href":"https:\/\/www.europesays.com\/pt\/wp-json\/wp\/v2\/comments?post=46862"}],"version-history":[{"count":0,"href":"https:\/\/www.europesays.com\/pt\/wp-json\/wp\/v2\/posts\/46862\/revisions"}],"wp:featuredmedia":[{"embeddable":true,"href":"https:\/\/www.europesays.com\/pt\/wp-json\/wp\/v2\/media\/46863"}],"wp:attachment":[{"href":"https:\/\/www.europesays.com\/pt\/wp-json\/wp\/v2\/media?parent=46862"}],"wp:term":[{"taxonomy":"category","embeddable":true,"href":"https:\/\/www.europesays.com\/pt\/wp-json\/wp\/v2\/categories?post=46862"},{"taxonomy":"post_tag","embeddable":true,"href":"https:\/\/www.europesays.com\/pt\/wp-json\/wp\/v2\/tags?post=46862"}],"curies":[{"name":"wp","href":"https:\/\/api.w.org\/{rel}","templated":true}]}}