{"id":468868,"date":"2026-07-31T14:35:21","date_gmt":"2026-07-31T14:35:21","guid":{"rendered":"https:\/\/www.europesays.com\/pt\/468868\/"},"modified":"2026-07-31T14:35:21","modified_gmt":"2026-07-31T14:35:21","slug":"problemas-serios-russia-quer-perseguir-e-prender-pavel-durov","status":"publish","type":"post","link":"https:\/\/www.europesays.com\/pt\/468868\/","title":{"rendered":"Problemas s\u00e9rios. R\u00fassia quer perseguir e prender Pavel Durov"},"content":{"rendered":"<p>Pavel Durov \u00e9 j\u00e1 considerado um colaborador de atividades terroristas em grande parte do mundo. A culpa recai sobre o Servi\u00e7o Federal de Seguran\u00e7a da R\u00fassia, o antigo KGB, que iniciou um processo-crime contra ele por cumplicidade em atos terroristas. Durov \u00e9 atualmente procurado internacionalmente e sabe-se que reside nos Emirados \u00c1rabes Unidos.<\/p>\n<p><a target=\"_blank\" href=\"https:\/\/pplware.sapo.pt\/wp-content\/uploads\/2024\/08\/pavel_durov_1.jpg\" onclick=\"refreshIframe()\" class=\"foobox\" rel=\"nofollow noopener\"><img fetchpriority=\"high\" decoding=\"async\" src=\"https:\/\/www.europesays.com\/pt\/wp-content\/uploads\/2026\/07\/pavel_durov_1-720x405.jpg\" alt=\"Pavel Durov R\u00fassia Telegram prender\" width=\"720\" height=\"405\" class=\"aligncenter size-medium wp-image-1011182\"  \/><\/a>\n<\/p>\n<p>Pavel Durov com problemas s\u00e9rios<\/p>\n<p>Este pa\u00eds que tem um tratado de extradi\u00e7\u00e3o com a R\u00fassia desde 2014. Isso significa que, dada a gravidade das acusa\u00e7\u00f5es feitas pelas autoridades russas, os EAU devem cooperar na deten\u00e7\u00e3o de Pavel Durov e na sua posterior extradi\u00e7\u00e3o para a R\u00fassia. Ainda n\u00e3o \u00e9 claro como a INTERPOL ir\u00e1 agir ou se os Emirados \u00c1rabes Unidos fornecer\u00e3o informa\u00e7\u00f5es \u00e0 R\u00fassia.<\/p>\n<p>Os crimes de que Pavel Durov \u00e9 acusado s\u00e3o bastante graves , mas podem ser interpretados de formas muito diferentes e com perspetivas muito distintas, dependendo de quem analisa o caso. A R\u00fassia acredita que o fundador do Telegram faz parte do problema, enquanto o pr\u00f3prio Durov afirma n\u00e3o ter nada a ver com os crimes de que \u00e9 acusado.<\/p>\n<p>O Servi\u00e7o Federal de Seguran\u00e7a da R\u00fassia (FSB) emitiu um comunicado onde confirma que o mandado de deten\u00e7\u00e3o contra Pavel Durov se refere \u00e0 &#8220;colabora\u00e7\u00e3o com atividades terroristas&#8221;. O FSB vai mais longe, afirmando que o Telegram ignorou a remo\u00e7\u00e3o de material utilizado pelos servi\u00e7os secretos ucranianos e por organiza\u00e7\u00f5es terroristas e extremistas para preparar e coordenar crimes contra a Federa\u00e7\u00e3o Russa.<\/p>\n<p><a target=\"_blank\" href=\"https:\/\/pplware.sapo.pt\/wp-content\/uploads\/2024\/09\/telegram_pavel_durov_2.jpg\" onclick=\"refreshIframe()\" class=\"foobox\" rel=\"nofollow noopener\"><img loading=\"lazy\" decoding=\"async\" src=\"https:\/\/www.europesays.com\/pt\/wp-content\/uploads\/2026\/07\/telegram_pavel_durov_2-720x405.jpg\" alt=\"Pavel Durov R\u00fassia Telegram prender\" width=\"720\" height=\"405\" class=\"aligncenter size-medium wp-image-1017002\"  \/><\/a><\/p>\n<p>R\u00fassia quer prender fundador do Telegram<\/p>\n<p>Em s\u00edntese, a R\u00fassia acusa Pavel Durov de n\u00e3o ter impedido os grupos ucranianos de utilizarem o Telegram como aplica\u00e7\u00e3o de comunica\u00e7\u00e3o durante o conflito entre a R\u00fassia e a Ucr\u00e2nia. Estas comunica\u00e7\u00f5es possibilitaram ataques coordenados contra a Federa\u00e7\u00e3o Russa e, por isso, a R\u00fassia considera Durov uma figura-chave a ser julgada neste caso.<\/p>\n<p>Esta n\u00e3o \u00e9 a primeira vez que o Telegram e Pavel Durov enfrentam algo semelhante: em v\u00e1rias ocasi\u00f5es, governos de todo o mundo acusaram ambos de permitir comunica\u00e7\u00f5es entre terroristas, disseminar material proibido e praticar pirataria. <\/p>\n<p>Por sua vez, o Telegram e o seu fundador d\u00e3o sempre a mesma resposta. A aplica\u00e7\u00e3o \u00e9 um sistema de comunica\u00e7\u00e3o gratuito no qual n\u00e3o podem interferir e que, pela sua natureza, n\u00e3o t\u00eam acesso \u00e0s conversas dos utilizadores.<\/p>\n","protected":false},"excerpt":{"rendered":"Pavel Durov \u00e9 j\u00e1 considerado um colaborador de atividades terroristas em grande parte do mundo. A culpa recai&hellip;\n","protected":false},"author":2,"featured_media":468869,"comment_status":"","ping_status":"","sticky":false,"template":"","format":"standard","meta":{"footnotes":"","_share_on_mastodon":"0"},"categories":[50],"tags":[27,28,15,16,14,25,26,21,22,62,12,13,19,20,57767,75210,23,24,839,3483,17,18,29,30,31,63,64,65],"class_list":["post-468868","post","type-post","status-publish","format-standard","has-post-thumbnail","category-mundo","tag-breaking-news","tag-breakingnews","tag-featured-news","tag-featurednews","tag-headlines","tag-latest-news","tag-latestnews","tag-main-news","tag-mainnews","tag-mundo","tag-news","tag-noticias","tag-noticias-principais","tag-noticiasprincipais","tag-pavel-durov","tag-prender","tag-principais-noticias","tag-principaisnoticias","tag-russia","tag-telegram","tag-top-stories","tag-topstories","tag-ultimas","tag-ultimas-noticias","tag-ultimasnoticias","tag-world","tag-world-news","tag-worldnews"],"share_on_mastodon":{"url":"https:\/\/pubeurope.com\/@pt\/117015093157925066","error":""},"_links":{"self":[{"href":"https:\/\/www.europesays.com\/pt\/wp-json\/wp\/v2\/posts\/468868","targetHints":{"allow":["GET"]}}],"collection":[{"href":"https:\/\/www.europesays.com\/pt\/wp-json\/wp\/v2\/posts"}],"about":[{"href":"https:\/\/www.europesays.com\/pt\/wp-json\/wp\/v2\/types\/post"}],"author":[{"embeddable":true,"href":"https:\/\/www.europesays.com\/pt\/wp-json\/wp\/v2\/users\/2"}],"replies":[{"embeddable":true,"href":"https:\/\/www.europesays.com\/pt\/wp-json\/wp\/v2\/comments?post=468868"}],"version-history":[{"count":0,"href":"https:\/\/www.europesays.com\/pt\/wp-json\/wp\/v2\/posts\/468868\/revisions"}],"wp:featuredmedia":[{"embeddable":true,"href":"https:\/\/www.europesays.com\/pt\/wp-json\/wp\/v2\/media\/468869"}],"wp:attachment":[{"href":"https:\/\/www.europesays.com\/pt\/wp-json\/wp\/v2\/media?parent=468868"}],"wp:term":[{"taxonomy":"category","embeddable":true,"href":"https:\/\/www.europesays.com\/pt\/wp-json\/wp\/v2\/categories?post=468868"},{"taxonomy":"post_tag","embeddable":true,"href":"https:\/\/www.europesays.com\/pt\/wp-json\/wp\/v2\/tags?post=468868"}],"curies":[{"name":"wp","href":"https:\/\/api.w.org\/{rel}","templated":true}]}}