{"id":469044,"date":"2026-07-31T17:05:19","date_gmt":"2026-07-31T17:05:19","guid":{"rendered":"https:\/\/www.europesays.com\/pt\/469044\/"},"modified":"2026-07-31T17:05:19","modified_gmt":"2026-07-31T17:05:19","slug":"fogo-obriga-clooney-a-sair-de-mansao-do-sec-xviii-em-franca-observador","status":"publish","type":"post","link":"https:\/\/www.europesays.com\/pt\/469044\/","title":{"rendered":"Fogo obriga Clooney a sair de mans\u00e3o do s\u00e9c. XVIII em Fran\u00e7a \u2013 Observador"},"content":{"rendered":"<p><a href=\"https:\/\/observador.pt\/liveblogs\/incendios-mais-de-50-concelhos-do-interior-e-do-algarve-em-perigo-maximo\/\" rel=\"nofollow noopener\" target=\"_blank\">Acompanhe o nosso artigo em direto sobre os inc\u00eandios<\/a><\/p>\n<p>Um inc\u00eandio florestal que deflagrou na quarta-feira na comuna de Brignoles (a cerca de 80 quil\u00f3metros de Marselha) em Fran\u00e7a provocou a retirada de 600 pessoas das suas casas. Um dos afetados \u00e9 o ator George Clooney, que vive com a sua fam\u00edlia numa quinta do s\u00e9culo XVIII, com uma mans\u00e3o constru\u00edda sobre uma colina. Cerca de 250 bombeiros foram mobilizados para combater as chamas na regi\u00e3o, sendo que <strong>quatro ficaram feridos<\/strong>.<\/p>\n<p>Numa carta ao presidente da c\u00e2mara de Brignoles e <a href=\"https:\/\/www.theguardian.com\/film\/2026\/jul\/30\/george-clooney-amal-evacuate-french-house\" rel=\"nofollow noopener\" target=\"_blank\">divulgada pelo The Guardian<\/a>, Clooney lamentou n\u00e3o saber se a sua \u201clinda casa vai <strong>resistir a este momento terr\u00edvel<\/strong>\u201c, afirmando que deseja contribuir para a reconstru\u00e7\u00e3o do territ\u00f3rio afetado. \u201cEsperamos que o senhor e os habitantes da nossa cidade <strong>estejam em seguran\u00e7a<\/strong>. A minha mulher e eu estamos determinados a garantir que, <strong>aconte\u00e7a o que acontecer \u00e0 nossa aldeia<\/strong>, continuaremos a ser parte integrante desta comunidade e [iremos] contribuir para a sua reconstru\u00e7\u00e3o. Adoramos Brignoles e os amigos que l\u00e1 temos\u201d, escreveu.<\/p>\n<p>        <img src=\"https:\/\/www.europesays.com\/pt\/wp-content\/uploads\/2026\/07\/mansao-george-clooney-1.jpg\" alt=\"\" loading=\"lazy\" decoding=\"async\" class=\"\" onload=\"this.parentElement.classList.remove('spinner')\" onerror=\"this.parentElement.classList.remove('spinner')\" width=\"1201\" height=\"799\"\/><br \/>\n    Leading Estates of the World<\/p>\n<p class=\"wp-caption-text\">A fam\u00edlia Clooney teve de deixar a mans\u00e3o do s\u00e9culo XVIII<\/p>\n<p>George e Amal Clooney <a href=\"https:\/\/observador.pt\/2025\/10\/11\/numa-mansao-do-seculo-xviii-com-um-olival-e-campos-de-lavanda-e-assim-que-vive-george-clooney-no-sul-de-franca\/\" rel=\"nofollow noopener\" target=\"_blank\">compraram em 2021 a propriedade de 172 hectares<\/a> \u2014 que inclui piscina, um olival e campos de lavanda ao redor de uma <strong>mans\u00e3o de cerca de 900 metros quadrados<\/strong> \u2014 para viver com os filhos. Uma das propriedades vizinhas <strong>pertence ao tamb\u00e9m ator Brad Pitt<\/strong>, que ali mant\u00e9m um campo vin\u00edcola. O casal Clooney e os g\u00e9meos Ella e Alexander, de 9 anos, receberam do Governo em dezembro passado a nacionalidade francesa.<\/p>\n","protected":false},"excerpt":{"rendered":"Acompanhe o nosso artigo em direto sobre os inc\u00eandios Um inc\u00eandio florestal que deflagrou na quarta-feira na comuna&hellip;\n","protected":false},"author":2,"featured_media":469045,"comment_status":"","ping_status":"","sticky":false,"template":"","format":"standard","meta":{"footnotes":"","_share_on_mastodon":"0"},"categories":[145],"tags":[59,211,210,114,115,445,2104,14555,2005,186,62,32,33,58],"class_list":["post-469044","post","type-post","status-publish","format-standard","has-post-thumbnail","category-celebridades","tag-acidente","tag-celebridades","tag-celebrities","tag-entertainment","tag-entretenimento","tag-europa","tag-franu00e7a","tag-george-clooney","tag-incu00eandios","tag-lifestyle","tag-mundo","tag-portugal","tag-pt","tag-sociedade"],"share_on_mastodon":{"url":"https:\/\/pubeurope.com\/@pt\/117015683797189639","error":""},"_links":{"self":[{"href":"https:\/\/www.europesays.com\/pt\/wp-json\/wp\/v2\/posts\/469044","targetHints":{"allow":["GET"]}}],"collection":[{"href":"https:\/\/www.europesays.com\/pt\/wp-json\/wp\/v2\/posts"}],"about":[{"href":"https:\/\/www.europesays.com\/pt\/wp-json\/wp\/v2\/types\/post"}],"author":[{"embeddable":true,"href":"https:\/\/www.europesays.com\/pt\/wp-json\/wp\/v2\/users\/2"}],"replies":[{"embeddable":true,"href":"https:\/\/www.europesays.com\/pt\/wp-json\/wp\/v2\/comments?post=469044"}],"version-history":[{"count":0,"href":"https:\/\/www.europesays.com\/pt\/wp-json\/wp\/v2\/posts\/469044\/revisions"}],"wp:featuredmedia":[{"embeddable":true,"href":"https:\/\/www.europesays.com\/pt\/wp-json\/wp\/v2\/media\/469045"}],"wp:attachment":[{"href":"https:\/\/www.europesays.com\/pt\/wp-json\/wp\/v2\/media?parent=469044"}],"wp:term":[{"taxonomy":"category","embeddable":true,"href":"https:\/\/www.europesays.com\/pt\/wp-json\/wp\/v2\/categories?post=469044"},{"taxonomy":"post_tag","embeddable":true,"href":"https:\/\/www.europesays.com\/pt\/wp-json\/wp\/v2\/tags?post=469044"}],"curies":[{"name":"wp","href":"https:\/\/api.w.org\/{rel}","templated":true}]}}