{"id":46915,"date":"2025-08-27T05:08:11","date_gmt":"2025-08-27T05:08:11","guid":{"rendered":"https:\/\/www.europesays.com\/pt\/46915\/"},"modified":"2025-08-27T05:08:11","modified_gmt":"2025-08-27T05:08:11","slug":"moreirense-garante-avancado-ex-benfica","status":"publish","type":"post","link":"https:\/\/www.europesays.com\/pt\/46915\/","title":{"rendered":"Moreirense garante avan\u00e7ado ex-Benfica"},"content":{"rendered":"<p><strong>O Moreirense dever\u00e1 confirmar em breve a contrata\u00e7\u00e3o de Lu\u00eds Semedo. O jogador representa atualmente o Sunderland.<\/strong><\/p>\n<p>Lu\u00eds Semedo vai trocar o Sunderland pelo Moreirense, de acordo com o jornal A Bola. A mesma fonte indica que o avan\u00e7ado vai assinar um contrato de empr\u00e9stimo por uma temporada, sendo que vai trabalhar \u00e0s ordens de Vasco Botelho da Costa j\u00e1 a partir de ter\u00e7a-feira.<\/p>\n<p>O jogador tem 22 anos e na \u00faltima \u00e9poca esteve cedido \u00e0 Juventus, onde realizou 28 encontros pela forma\u00e7\u00e3o Sub-23, com dois golos marcados. O seu contrato com o Sunderland termina apenas no ver\u00e3o de 2028.<\/p>\n<p>Recordar que os ingleses foram recentemente promovidos \u00e0 <a href=\"https:\/\/bolanarede.pt\/etiqueta\/premier-league\/\" target=\"_blank\" rel=\"noreferrer noopener nofollow\">Premier League<\/a>.<\/p>\n","protected":false},"excerpt":{"rendered":"O Moreirense dever\u00e1 confirmar em breve a contrata\u00e7\u00e3o de Lu\u00eds Semedo. O jogador representa atualmente o Sunderland. Lu\u00eds&hellip;\n","protected":false},"author":2,"featured_media":46916,"comment_status":"","ping_status":"","sticky":false,"template":"","format":"standard","meta":{"footnotes":""},"categories":[87],"tags":[260,135,14057,8343,32,479,33,134,14058],"class_list":{"0":"post-46915","1":"post","2":"type-post","3":"status-publish","4":"format-standard","5":"has-post-thumbnail","7":"category-desporto","8":"tag-atualidade","9":"tag-desporto","10":"tag-luis-semedo","11":"tag-moreirense","12":"tag-portugal","13":"tag-primeira-liga","14":"tag-pt","15":"tag-sports","16":"tag-sunderland"},"share_on_mastodon":{"url":"","error":""},"_links":{"self":[{"href":"https:\/\/www.europesays.com\/pt\/wp-json\/wp\/v2\/posts\/46915","targetHints":{"allow":["GET"]}}],"collection":[{"href":"https:\/\/www.europesays.com\/pt\/wp-json\/wp\/v2\/posts"}],"about":[{"href":"https:\/\/www.europesays.com\/pt\/wp-json\/wp\/v2\/types\/post"}],"author":[{"embeddable":true,"href":"https:\/\/www.europesays.com\/pt\/wp-json\/wp\/v2\/users\/2"}],"replies":[{"embeddable":true,"href":"https:\/\/www.europesays.com\/pt\/wp-json\/wp\/v2\/comments?post=46915"}],"version-history":[{"count":0,"href":"https:\/\/www.europesays.com\/pt\/wp-json\/wp\/v2\/posts\/46915\/revisions"}],"wp:featuredmedia":[{"embeddable":true,"href":"https:\/\/www.europesays.com\/pt\/wp-json\/wp\/v2\/media\/46916"}],"wp:attachment":[{"href":"https:\/\/www.europesays.com\/pt\/wp-json\/wp\/v2\/media?parent=46915"}],"wp:term":[{"taxonomy":"category","embeddable":true,"href":"https:\/\/www.europesays.com\/pt\/wp-json\/wp\/v2\/categories?post=46915"},{"taxonomy":"post_tag","embeddable":true,"href":"https:\/\/www.europesays.com\/pt\/wp-json\/wp\/v2\/tags?post=46915"}],"curies":[{"name":"wp","href":"https:\/\/api.w.org\/{rel}","templated":true}]}}