{"id":469162,"date":"2026-07-31T18:54:27","date_gmt":"2026-07-31T18:54:27","guid":{"rendered":"https:\/\/www.europesays.com\/pt\/469162\/"},"modified":"2026-07-31T18:54:27","modified_gmt":"2026-07-31T18:54:27","slug":"fccr-abre-inscricoes-para-curso-de-arte-e-design-no-ocidente","status":"publish","type":"post","link":"https:\/\/www.europesays.com\/pt\/469162\/","title":{"rendered":"FCCR abre inscri\u00e7\u00f5es para curso de Arte e Design no Ocidente"},"content":{"rendered":"<p>&#13;<br \/>\n                        <b>Jo\u00e3o Paulo Sardinha<\/b><br \/>&#13;<br \/>\n                Funda\u00e7\u00e3o Cultural Cassiano Ricardo&#13;\n            <\/p>\n<p>*Colaborou a estagi\u00e1ria Giovanna\u00a0Morais.\u00a0<\/p>\n<p>A Funda\u00e7\u00e3o Cultural Cassiano Ricardo est\u00e1 com inscri\u00e7\u00f5es abertas para o curso gratuito \u201cUma Hist\u00f3ria Conjunta da Arte e do Design no Ocidente: O S\u00e9culo XX\u201d, que acontece \u00e0s quintas-feiras, das 19h \u00e0s 21h30, no Museu Municipal de S\u00e3o Jos\u00e9 dos Campos.<\/p>\n<p>As inscri\u00e7\u00f5es podem ser realizadas at\u00e9 a pr\u00f3xima segunda-feira (3) pelo aplicativo S\u00e3o Jos\u00e9 Viva. O aplicativo pode ser baixado pela loja de aplicativos do seu celular, como Google Play e App Store.<\/p>\n<p>S\u00e3o 120 vagas para o curso gratuito, ministrado entre os dias 6 de agosto e 29 de outubro.\u00a0<\/p>\n<p>\u201cUma Hist\u00f3ria Conjunta da Arte e do Design no Ocidente: O S\u00e9culo XX\u201d ser\u00e1 ministrado pela professora, pesquisadora e palestrante Danielle Misura Nastari.<\/p>\n<p>Para se inscrever, \u00e9 necess\u00e1rio ser maior de 18 anos e ter conhecimento b\u00e1sico dos assuntos que ser\u00e3o abordados.\u00a0<\/p>\n<p>Curso<\/p>\n<p>Este curso apresenta uma investiga\u00e7\u00e3o da produ\u00e7\u00e3o de arte ocidental no s\u00e9culo XX e de seus cruzamentos com a hist\u00f3ria do design. A abordagem considera os contextos hist\u00f3ricos, pol\u00edticos, sociais, culturais, geogr\u00e1ficos e tecnol\u00f3gicos do per\u00edodo.<\/p>\n<p>Neste s\u00e9culo ocorreram transforma\u00e7\u00f5es fundamentais no desenvolvimento das artes visuais e da tecnologia. Conhec\u00ea-las nos faz entender melhor os eventos hist\u00f3ricos e movimentos art\u00edsticos do per\u00edodo estudado.<\/p>\n<p>Historicamente, a arte \u00e9 uma express\u00e3o fundamental do ser humano, presente em todas as civiliza\u00e7\u00f5es, que permite compreender manifesta\u00e7\u00f5es culturais ao longo do tempo. O design, por sua vez, pode ser definido como um campo relacionado \u00e0 produ\u00e7\u00e3o de artefatos utilit\u00e1rios, por meio do qual valores e vis\u00f5es de mundo de uma sociedade s\u00e3o codificados em objetos e ambientes.<\/p>\n<p>A integra\u00e7\u00e3o do estudo da hist\u00f3ria da arte \u00e0 hist\u00f3ria do design oferece uma perspectiva \u00fanica sobre estes dois campos, mostrando como eles se influenciam mutuamente e como as manifesta\u00e7\u00f5es est\u00e9ticas do design transformaram as sociedades modernas.<\/p>\n<p>Professora<\/p>\n<p>Danielle Misura Nastari \u00e9 professora, pesquisadora e palestrante. \u00c9 bacharel em Educa\u00e7\u00e3o Art\u00edstica pela FAAP, especialista em Gest\u00e3o de Projetos Culturais pelo CELACC-USP, mestre e doutora em Hist\u00f3ria da Arte pelo PGEHA-USP.<\/p>\n<p>Foi pesquisadora visitante da Universidade de Princeton em 2014 e 2019\u20132020, realizando levantamento extensivo em importantes arquivos americanos, como os da Biblioteca do Congresso, do MoMA, os Arquivos de Arte Americana do Smithsonian Institution e o Arquivo Nacional dos Estados Unidos em College Park.<\/p>\n<p>Trabalhou no setor educativo de diversos museus e institutos culturais de S\u00e3o Paulo, como a Pinacoteca do Estado, o Museu de Arte Brasileira e o Instituto Ita\u00fa Cultural. Como professora, atua no ensino de hist\u00f3ria da arte, hist\u00f3ria do design, hist\u00f3ria da moda e na amplia\u00e7\u00e3o de repert\u00f3rio cultural, mentoreando pr\u00e1ticas e processos criativos. Ministra aulas para o ensino superior desde 2007 e ensinou em institui\u00e7\u00f5es importantes da cidade de S\u00e3o Paulo, como a Faculdade Santa Marcelina e a FAAP. Entrou para a equipe do Istituto Europeo di Design em 2015, lecionando para cursos de gradua\u00e7\u00e3o, p\u00f3s-gradua\u00e7\u00e3o e extens\u00e3o.<\/p>\n<p>Servi\u00e7o<br \/><strong>Museu Municipal <\/strong><br \/>Pra\u00e7a Afonso Pena, 29, Centro<br \/>WhatsApp para tirar d\u00favidas: (12) 99740-4427<\/p>\n<p>&#13;<br \/>\n                    <strong>MAIS NOT\u00cdCIAS<\/strong><br \/>&#13;<br \/>\n                    <a href=\"https:\/\/www.sjc.sp.gov.br\/noticias\/?tema=16\" rel=\"nofollow noopener\" target=\"_blank\">Funda\u00e7\u00e3o Cultural Cassiano Ricardo<\/a>&#13;\n                <\/p>\n","protected":false},"excerpt":{"rendered":"&#13; Jo\u00e3o Paulo Sardinha&#13; Funda\u00e7\u00e3o Cultural Cassiano Ricardo&#13; *Colaborou a estagi\u00e1ria Giovanna\u00a0Morais.\u00a0 A Funda\u00e7\u00e3o Cultural Cassiano Ricardo est\u00e1&hellip;\n","protected":false},"author":2,"featured_media":469163,"comment_status":"","ping_status":"","sticky":false,"template":"","format":"standard","meta":{"footnotes":"","_share_on_mastodon":"0"},"categories":[144],"tags":[207,205,206,203,201,202,1300,204,114,115,3048,32,3046,33,3049,3047],"class_list":["post-469162","post","type-post","status-publish","format-standard","has-post-thumbnail","category-arte-e-design","tag-arte","tag-arte-e-design","tag-artedesign","tag-arts","tag-arts-and-design","tag-artsanddesign","tag-cidade","tag-design","tag-entertainment","tag-entretenimento","tag-online","tag-portugal","tag-prefeitura","tag-pt","tag-so-jos-dos-campos","tag-servios"],"share_on_mastodon":{"url":"https:\/\/pubeurope.com\/@pt\/117016111833525908","error":""},"_links":{"self":[{"href":"https:\/\/www.europesays.com\/pt\/wp-json\/wp\/v2\/posts\/469162","targetHints":{"allow":["GET"]}}],"collection":[{"href":"https:\/\/www.europesays.com\/pt\/wp-json\/wp\/v2\/posts"}],"about":[{"href":"https:\/\/www.europesays.com\/pt\/wp-json\/wp\/v2\/types\/post"}],"author":[{"embeddable":true,"href":"https:\/\/www.europesays.com\/pt\/wp-json\/wp\/v2\/users\/2"}],"replies":[{"embeddable":true,"href":"https:\/\/www.europesays.com\/pt\/wp-json\/wp\/v2\/comments?post=469162"}],"version-history":[{"count":0,"href":"https:\/\/www.europesays.com\/pt\/wp-json\/wp\/v2\/posts\/469162\/revisions"}],"wp:featuredmedia":[{"embeddable":true,"href":"https:\/\/www.europesays.com\/pt\/wp-json\/wp\/v2\/media\/469163"}],"wp:attachment":[{"href":"https:\/\/www.europesays.com\/pt\/wp-json\/wp\/v2\/media?parent=469162"}],"wp:term":[{"taxonomy":"category","embeddable":true,"href":"https:\/\/www.europesays.com\/pt\/wp-json\/wp\/v2\/categories?post=469162"},{"taxonomy":"post_tag","embeddable":true,"href":"https:\/\/www.europesays.com\/pt\/wp-json\/wp\/v2\/tags?post=469162"}],"curies":[{"name":"wp","href":"https:\/\/api.w.org\/{rel}","templated":true}]}}