{"id":469174,"date":"2026-07-31T19:02:18","date_gmt":"2026-07-31T19:02:18","guid":{"rendered":"https:\/\/www.europesays.com\/pt\/469174\/"},"modified":"2026-07-31T19:02:18","modified_gmt":"2026-07-31T19:02:18","slug":"astronomos-conseguem-medir-tamanho-total-da-maior-galaxia-conhecida","status":"publish","type":"post","link":"https:\/\/www.europesays.com\/pt\/469174\/","title":{"rendered":"Astr\u00f4nomos conseguem medir tamanho total da maior gal\u00e1xia conhecida"},"content":{"rendered":"<p>Recentemente, astr\u00f4nomos conseguiram medir o tamanho da gal\u00e1xia IC1101, a maior gal\u00e1xia conhecida, pela primeira vez na hist\u00f3ria. Com aproximadamente 520 kiloparsecs, ou cerca de 1,7 milh\u00e3o de anos-luz, e contendo uma massa estelar estimada em 3,4 trilh\u00f5es de massas solares, a ci\u00eancia comemora, mas fica intrigada com estrutura gigantesca.<\/p>\n<p>O artigo publicado na <a href=\"https:\/\/arxiv.org\/html\/2607.15340v1\" rel=\"nofollow noopener\" target=\"_blank\">arXiv<\/a> no meio do m\u00eas de Julho questiona a capacidade de crescimento da <a href=\"https:\/\/aventurasnahistoria.com.br\/noticias\/historia-hoje\/james-webb-registra-galaxia-em-seus-ultimos-momentos.phtml\" rel=\"nofollow noopener\" target=\"_blank\">gal\u00e1xia<\/a> e suas classifica\u00e7\u00f5es. Pois as gal\u00e1xias mais brilhantes de aglomerados (BCGs, na sigla em ingl\u00eas), s\u00e3o produtos do colapso e fus\u00e3o de outras gal\u00e1xias.<\/p>\n<p>Por isso, \u00e9 muito complexo dizer onde come\u00e7a uma e onde acaba a outra. Seus t\u00eanues halos estelares se misturam suavemente ao meio intraclusteral, regi\u00e3o de g\u00e1s difuso. A d\u00favida que fica \u00e9: A partir de que momento podemos considerar 2 gal\u00e1xias em colis\u00e3o como uma s\u00f3?\u00a0<\/p>\n<p> <b>A maior gal\u00e1xia conhecida e sua medi\u00e7\u00e3o<\/b> <\/p>\n<p>Por isso, at\u00e9 ent\u00e3o cientistas haviam encontrado muita dificuldade em medir os limites do BCG em torno da IC1101. A equipe liderada por <b>Carlos Marrero-de la Rosa<\/b>, do Instituto de Astrof\u00edsica das Can\u00e1rias, escolheu um dos sistemas estelares mais extensos j\u00e1 observados: uma <a href=\"https:\/\/aventurasnahistoria.com.br\/noticias\/historia-hoje\/james-webb-revela-cicatrizes-de-colisao-em-galaxia-proxima-da-terra.phtml\" rel=\"nofollow noopener\" target=\"_blank\">gal\u00e1xia<\/a> an\u00e3 branca (BCG) no <a href=\"https:\/\/aventurasnahistoria.com.br\/noticias\/historia-hoje\/james-webb-registra-pela-primeira-vez-o-nascimento-do-coracao-de-uma-galaxia.phtml\" rel=\"nofollow noopener\" target=\"_blank\">centro do aglomerado<\/a> de <a href=\"https:\/\/aventurasnahistoria.com.br\/noticias\/historia-hoje\/james-webb-revela-como-nascem-algumas-das-maiores-galaxias-do-universo.phtml\" rel=\"nofollow noopener\" target=\"_blank\">gal\u00e1xias<\/a> Abell 2029.<\/p>\n<p>Surpreendentemente, o tamanho de 607 kiloparsecs estava errado. Dessa forma, ao usar imagens ultraprofundas da Wide Field Camera do Telesc\u00f3pio Isaac Newton (INT), os astr\u00f4nomos se propuseram a detectar a borda da gal\u00e1xia. Mesmo tendo sido descoberto com apenas 520 kiloparsecs, ela ainda \u00e9 a maior gal\u00e1xia conhecida pela humanidade.<\/p>\n<p>Para tal, foi necess\u00e1ria a constru\u00e7\u00e3o de um modelo detalhado da fun\u00e7\u00e3o de dispers\u00e3o pontual do telesc\u00f3pio usando dezenas de estrelas de calibra\u00e7\u00e3o com brilho vari\u00e1vel. De maneira que conseguiram limpar as interfer\u00eancias luminosas de outras estrelas sobre o corpo celeste. A equipe escreve no artigo:<\/p>\n<blockquote>\n<p>O raio da borda medido para IC 1101 permanece entre os maiores valores relatados at\u00e9 o momento para uma gal\u00e1xia individual, correspondendo a um di\u00e2metro projetado de \u223c520 kpc\u201d.<\/p>\n<\/blockquote>\n<p>No entanto, para comparar, \u00e9 importante lembrar que a Via L\u00e1ctea tem apenas cerca de 30 kiloparsecs de di\u00e2metro. E a IC 1101 abrange aproximadamente 17 vezes essa \u00e1rea. Al\u00e9m disso, foram identificadas 8 gal\u00e1xias anexas e absorvidas na periferia da IC1101, segundo a revista Phys.<\/p>\n<p>N\u00e3o obstante, a gal\u00e1xia ainda est\u00e1 em crescimento. A acre\u00e7\u00e3o de sua massa deve aumentar ainda mais a densidade e os espa\u00e7o ocupado por essa gal\u00e1xia lend\u00e1ria.<\/p>\n<p>*Sob supervis\u00e3o de \u00c9ric Moreira<\/p>\n<p>        <a href=\"https:\/\/aventurasnahistoria.com.br\/noticias\/author\/augusto-cesar\" rel=\"nofollow noopener\" target=\"_blank\">&#13;<br \/>\n          <img loading=\"lazy\" decoding=\"async\" alt=\"Augusto C\u00e9sar\" src=\"https:\/\/www.europesays.com\/pt\/wp-content\/uploads\/2026\/07\/1785524538_289_Foto-de-perfil-para-AH-1-150x150.jpeg\" class=\"avatar avatar-115 photo rounded-circle\" height=\"115\" width=\"115\"\/>        <\/a><\/p>\n<p>Historiador em forma\u00e7\u00e3o que troca qualquer &#8220;sextou&#8221; por fofocas de \u00e9poca e an\u00e1lise econ\u00f4mica. Traduzo o mundo via cultura, provando que o passado \u00e9 o melhor spoiler do presente. Quer entender como a engrenagem realmente gira? O convite para a viagem est\u00e1 nos meus artigos:<\/p>\n","protected":false},"excerpt":{"rendered":"Recentemente, astr\u00f4nomos conseguiram medir o tamanho da gal\u00e1xia IC1101, a maior gal\u00e1xia conhecida, pela primeira vez na hist\u00f3ria.&hellip;\n","protected":false},"author":2,"featured_media":469175,"comment_status":"","ping_status":"","sticky":false,"template":"","format":"standard","meta":{"footnotes":"","_share_on_mastodon":"0"},"categories":[84],"tags":[443,109,107,108,2001,1347,10542,75264,75265,1133,13,32,33,105,103,104,106,110,2077],"class_list":["post-469174","post","type-post","status-publish","format-standard","has-post-thumbnail","category-ciencia-e-tecnologia","tag-astronomia","tag-ciencia","tag-ciencia-e-tecnologia","tag-cienciaetecnologia","tag-descoberta","tag-estudo","tag-galaxia","tag-maior-galaxia","tag-medicao","tag-noticia","tag-noticias","tag-portugal","tag-pt","tag-science","tag-science-and-technology","tag-scienceandtechnology","tag-technology","tag-tecnologia","tag-universo"],"share_on_mastodon":{"url":"https:\/\/pubeurope.com\/@pt\/117016143283816783","error":""},"_links":{"self":[{"href":"https:\/\/www.europesays.com\/pt\/wp-json\/wp\/v2\/posts\/469174","targetHints":{"allow":["GET"]}}],"collection":[{"href":"https:\/\/www.europesays.com\/pt\/wp-json\/wp\/v2\/posts"}],"about":[{"href":"https:\/\/www.europesays.com\/pt\/wp-json\/wp\/v2\/types\/post"}],"author":[{"embeddable":true,"href":"https:\/\/www.europesays.com\/pt\/wp-json\/wp\/v2\/users\/2"}],"replies":[{"embeddable":true,"href":"https:\/\/www.europesays.com\/pt\/wp-json\/wp\/v2\/comments?post=469174"}],"version-history":[{"count":0,"href":"https:\/\/www.europesays.com\/pt\/wp-json\/wp\/v2\/posts\/469174\/revisions"}],"wp:featuredmedia":[{"embeddable":true,"href":"https:\/\/www.europesays.com\/pt\/wp-json\/wp\/v2\/media\/469175"}],"wp:attachment":[{"href":"https:\/\/www.europesays.com\/pt\/wp-json\/wp\/v2\/media?parent=469174"}],"wp:term":[{"taxonomy":"category","embeddable":true,"href":"https:\/\/www.europesays.com\/pt\/wp-json\/wp\/v2\/categories?post=469174"},{"taxonomy":"post_tag","embeddable":true,"href":"https:\/\/www.europesays.com\/pt\/wp-json\/wp\/v2\/tags?post=469174"}],"curies":[{"name":"wp","href":"https:\/\/api.w.org\/{rel}","templated":true}]}}