{"id":46921,"date":"2025-08-27T05:17:09","date_gmt":"2025-08-27T05:17:09","guid":{"rendered":"https:\/\/www.europesays.com\/pt\/46921\/"},"modified":"2025-08-27T05:17:09","modified_gmt":"2025-08-27T05:17:09","slug":"bruce-willis-esta-bem-mas-o-cerebro-esta-falhando-diz-esposa","status":"publish","type":"post","link":"https:\/\/www.europesays.com\/pt\/46921\/","title":{"rendered":"Bruce Willis est\u00e1 &#8220;bem&#8221; mas o c\u00e9rebro &#8220;est\u00e1 falhando&#8221;, diz esposa"},"content":{"rendered":"<p class=\"my-5 break-words group-[.isActiveSource]:text-xl\">Pouco mais de tr\u00eas anos ap\u00f3s revelar o diagn\u00f3stico de afasia e de dem\u00eancia frontotemporal (DFT), a sa\u00fade de <strong class=\"group-[.isActiveSource]:text-xl group-[.isActiveSource]:font-bold\">Bruce Willis<\/strong>, 70, est\u00e1 \u00f3tima, mas <strong class=\"group-[.isActiveSource]:text-xl group-[.isActiveSource]:font-bold\">seu c\u00e9rebro est\u00e1 falhando cada vez mais<\/strong>. A not\u00edcia foi dada pela esposa do astro, <strong class=\"group-[.isActiveSource]:text-xl group-[.isActiveSource]:font-bold\">Emma Heming Willis<\/strong>, em entrevista ao ABC News.<\/p>\n<p class=\"my-5 break-words group-[.isActiveSource]:text-xl\">A conversa faz parte do especial <a href=\"https:\/\/www.cnnbrasil.com.br\/entretenimento\/bruce-willis-tinha-tecnica-para-driblar-demencia-enquanto-atuava-diz-livro\/\" class=\"text-red-600 underline hover:text-red-500 font-medium break-words group-[.isActiveSource]:text-xl\" target=\"_self\" rel=\"nofollow noopener\">&#8220;Emma &amp; Bruce Willis: The Unexpected Journey&#8221;<\/a>, que vai ao ar nesta ter\u00e7a-feira (26) no canal americano, e atualiza o estado de sa\u00fade do ator. Segundo Heming, ela e a fam\u00edlia do astro precisaram <strong class=\"group-[.isActiveSource]:text-xl group-[.isActiveSource]:font-bold\">aprender uma nova forma de se comunicar com Willis<\/strong> ap\u00f3s o mesmo apresentar dificuldades com a fala.<\/p>\n<p class=\"my-5 break-words group-[.isActiveSource]:text-xl\">&#8220;Bruce se movimenta muito bem. Sua sa\u00fade em geral est\u00e1 \u00f3tima&#8221;, contou a esposa do astro. &#8220;<strong class=\"group-[.isActiveSource]:text-xl group-[.isActiveSource]:font-bold\">Mas o seu c\u00e9rebro est\u00e1 falhando&#8230; A fala tamb\u00e9m est\u00e1 com dificuldades, e n\u00f3s aprendemos a nos adaptar.<\/strong> Temos uma maneira de nos comunicarmos com ele, \u00e9 uma maneira diferente&#8221;.<\/p>\n<p class=\"my-5 break-words group-[.isActiveSource]:text-xl my-5 break-words group-[.isActiveSource]:text-xl\">O astro foi diagnosticado com a doen\u00e7a, que \u00e9\u00a0<a class=\"text-red-600 underline hover:text-red-500 font-medium break-words group-[.isActiveSource]:text-xl\" href=\"https:\/\/www.cnnbrasil.com.br\/politica\/doenca-de-bruce-willis-podera-ser-classificada-como-deficiencia-no-brasil\/\" target=\"_self\" rel=\"nofollow noopener\">conhecida apenas como DFT<\/a>, em 2022. Desde ent\u00e3o, o ator se afastou dos seus trabalhos e da vida p\u00fablica.<\/p>\n<p class=\"my-5 break-words group-[.isActiveSource]:text-xl\">Heming revelou tamb\u00e9m que ela percebeu os primeiros sinais da doen\u00e7a <strong class=\"group-[.isActiveSource]:text-xl group-[.isActiveSource]:font-bold\">ap\u00f3s perceber que Willis estava &#8220;quieto&#8221;<\/strong>, ao contr\u00e1rio da pessoa &#8220;tagarela&#8221; que sempre foi. Hoje, o ator continua mais distante, mas ainda existem momentos que ela e sua fam\u00edlia conseguem encontrar a personalidade divertida do ator.<\/p>\n<p class=\"my-5 break-words group-[.isActiveSource]:text-xl\">&#8220;N\u00e3o s\u00e3o todos os dias, mas temos alguns momentos. Ele tem uma risada t\u00e3o gostosa, e \u00e0s vezes voc\u00ea consegue ver aquele brilho nos olhos dele. Aquele sorriso, e eu simplesmente me derreto nesses momentos. Mas \u00e9 dif\u00edcil de ver, porque <strong class=\"group-[.isActiveSource]:text-xl group-[.isActiveSource]:font-bold\">esses momentos aparecem t\u00e3o r\u00e1pido e logo desaparecem<\/strong>&#8220;, desabafou.<\/p>\n<p class=\"my-5 break-words group-[.isActiveSource]:text-xl\">Al\u00e9m de esposa do astro, ela tamb\u00e9m \u00e9 autora e escreveu o livro <strong class=\"group-[.isActiveSource]:text-xl group-[.isActiveSource]:font-bold\">&#8220;The Unexpected Journey&#8221;<\/strong>, no qual narra sua experi\u00eancia com a doen\u00e7a do marido. De acordo com Heming, a obra \u00e9 como &#8220;um livro de autoajuda, n\u00e3o um livro de mem\u00f3rias&#8221; e pretende\u00a0<strong class=\"group-[.isActiveSource]:text-xl group-[.isActiveSource]:font-bold group-[.isActiveSource]:text-xl group-[.isActiveSource]:font-bold\"><a class=\"text-red-600 underline hover:text-red-500 font-medium break-words group-[.isActiveSource]:text-xl\" href=\"https:\/\/www.cnnbrasil.com.br\/entretenimento\/cuidadores-tambem-precisam-de-cuidados-diz-esposa-de-bruce-willis\/\" target=\"_self\" rel=\"nofollow noopener\">ajudar outros cuidadores<\/a><\/strong> a tomarem decis\u00f5es na tutoria de seus entes queridos&#8221;. O livro chegar\u00e1 nas livrarias americanas no dia 9 de setembro.<\/p>\n","protected":false},"excerpt":{"rendered":"Pouco mais de tr\u00eas anos ap\u00f3s revelar o diagn\u00f3stico de afasia e de dem\u00eancia frontotemporal (DFT), a sa\u00fade&hellip;\n","protected":false},"author":2,"featured_media":46922,"comment_status":"","ping_status":"","sticky":false,"template":"","format":"standard","meta":{"footnotes":""},"categories":[145],"tags":[211,210,114,115,32,33],"class_list":{"0":"post-46921","1":"post","2":"type-post","3":"status-publish","4":"format-standard","5":"has-post-thumbnail","7":"category-celebridades","8":"tag-celebridades","9":"tag-celebrities","10":"tag-entertainment","11":"tag-entretenimento","12":"tag-portugal","13":"tag-pt"},"share_on_mastodon":{"url":"","error":""},"_links":{"self":[{"href":"https:\/\/www.europesays.com\/pt\/wp-json\/wp\/v2\/posts\/46921","targetHints":{"allow":["GET"]}}],"collection":[{"href":"https:\/\/www.europesays.com\/pt\/wp-json\/wp\/v2\/posts"}],"about":[{"href":"https:\/\/www.europesays.com\/pt\/wp-json\/wp\/v2\/types\/post"}],"author":[{"embeddable":true,"href":"https:\/\/www.europesays.com\/pt\/wp-json\/wp\/v2\/users\/2"}],"replies":[{"embeddable":true,"href":"https:\/\/www.europesays.com\/pt\/wp-json\/wp\/v2\/comments?post=46921"}],"version-history":[{"count":0,"href":"https:\/\/www.europesays.com\/pt\/wp-json\/wp\/v2\/posts\/46921\/revisions"}],"wp:featuredmedia":[{"embeddable":true,"href":"https:\/\/www.europesays.com\/pt\/wp-json\/wp\/v2\/media\/46922"}],"wp:attachment":[{"href":"https:\/\/www.europesays.com\/pt\/wp-json\/wp\/v2\/media?parent=46921"}],"wp:term":[{"taxonomy":"category","embeddable":true,"href":"https:\/\/www.europesays.com\/pt\/wp-json\/wp\/v2\/categories?post=46921"},{"taxonomy":"post_tag","embeddable":true,"href":"https:\/\/www.europesays.com\/pt\/wp-json\/wp\/v2\/tags?post=46921"}],"curies":[{"name":"wp","href":"https:\/\/api.w.org\/{rel}","templated":true}]}}