{"id":469252,"date":"2026-07-31T20:34:12","date_gmt":"2026-07-31T20:34:12","guid":{"rendered":"https:\/\/www.europesays.com\/pt\/469252\/"},"modified":"2026-07-31T20:34:12","modified_gmt":"2026-07-31T20:34:12","slug":"neymar-se-desculpa-por-roupa-no-casamento-de-gabriel-medina-percebi-algo-errado","status":"publish","type":"post","link":"https:\/\/www.europesays.com\/pt\/469252\/","title":{"rendered":"Neymar se desculpa por roupa no casamento de Gabriel Medina: &#8216;Percebi algo errado&#8217;"},"content":{"rendered":"\n<p class=\" content-text__container \" data-track-category=\"Link no Texto\" data-track-links=\"\"> &#8220;Cheguei no casamento e s\u00f3 eu de preto! Percebi que algo tinha errado&#8230;&#8221;, contou Neymar em um post no Stories do Instagram, nesta sexta-feira (31). &#8220;P\u00f3s-cerim\u00f4nia, fui perguntar ao meu grande amigo\/dupla: &#8216;Irm\u00e3o, por que s\u00f3 eu t\u00f4 de preto? Tem paleta de cores?&#8217; Resposta dele: &#8216;Puuutz, esqueci de enviar'&#8221;, contou Neymar. &#8220;Jeito Gabriel, n\u00e9 &#8230; Sou capaz de fazer igual&#8221;, admitiu o craque. <\/p>\n","protected":false},"excerpt":{"rendered":"&#8220;Cheguei no casamento e s\u00f3 eu de preto! Percebi que algo tinha errado&#8230;&#8221;, contou Neymar em um post&hellip;\n","protected":false},"author":2,"featured_media":469253,"comment_status":"","ping_status":"","sticky":false,"template":"","format":"standard","meta":{"footnotes":"","_share_on_mastodon":"0"},"categories":[145],"tags":[211,210,114,115,27572,1996,32,33],"class_list":["post-469252","post","type-post","status-publish","format-standard","has-post-thumbnail","category-celebridades","tag-celebridades","tag-celebrities","tag-entertainment","tag-entretenimento","tag-gabriel-medina","tag-neymar","tag-portugal","tag-pt"],"share_on_mastodon":{"url":"https:\/\/pubeurope.com\/@pt\/117016504974392129","error":""},"_links":{"self":[{"href":"https:\/\/www.europesays.com\/pt\/wp-json\/wp\/v2\/posts\/469252","targetHints":{"allow":["GET"]}}],"collection":[{"href":"https:\/\/www.europesays.com\/pt\/wp-json\/wp\/v2\/posts"}],"about":[{"href":"https:\/\/www.europesays.com\/pt\/wp-json\/wp\/v2\/types\/post"}],"author":[{"embeddable":true,"href":"https:\/\/www.europesays.com\/pt\/wp-json\/wp\/v2\/users\/2"}],"replies":[{"embeddable":true,"href":"https:\/\/www.europesays.com\/pt\/wp-json\/wp\/v2\/comments?post=469252"}],"version-history":[{"count":0,"href":"https:\/\/www.europesays.com\/pt\/wp-json\/wp\/v2\/posts\/469252\/revisions"}],"wp:featuredmedia":[{"embeddable":true,"href":"https:\/\/www.europesays.com\/pt\/wp-json\/wp\/v2\/media\/469253"}],"wp:attachment":[{"href":"https:\/\/www.europesays.com\/pt\/wp-json\/wp\/v2\/media?parent=469252"}],"wp:term":[{"taxonomy":"category","embeddable":true,"href":"https:\/\/www.europesays.com\/pt\/wp-json\/wp\/v2\/categories?post=469252"},{"taxonomy":"post_tag","embeddable":true,"href":"https:\/\/www.europesays.com\/pt\/wp-json\/wp\/v2\/tags?post=469252"}],"curies":[{"name":"wp","href":"https:\/\/api.w.org\/{rel}","templated":true}]}}