{"id":46988,"date":"2025-08-27T07:10:08","date_gmt":"2025-08-27T07:10:08","guid":{"rendered":"https:\/\/www.europesays.com\/pt\/46988\/"},"modified":"2025-08-27T07:10:08","modified_gmt":"2025-08-27T07:10:08","slug":"medicos-sem-fronteiras-suspendem-distribuicao-de-agua-em-gaza-medio-oriente","status":"publish","type":"post","link":"https:\/\/www.europesays.com\/pt\/46988\/","title":{"rendered":"M\u00e9dicos Sem Fronteiras suspendem distribui\u00e7\u00e3o de \u00e1gua em Gaza | M\u00e9dio Oriente"},"content":{"rendered":"<p>A organiza\u00e7\u00e3o n\u00e3o-governamental <a href=\"https:\/\/www.publico.pt\/2025\/03\/03\/mundo\/noticia\/msf-suspensao-ajuda-gaza-inaceitavel-2124605\" target=\"_blank\" rel=\"nofollow noopener\">M\u00e9dicos Sem Fronteiras<\/a> (MSF) anunciou esta ter\u00e7a-feira, 26 de Agosto, ter suspendido a distribui\u00e7\u00e3o de \u00e1gua pot\u00e1vel na Faixa de Gaza, depois de um tiroteio junto a um dos seus pontos de entrega, na zona de Khan Younis, ter colocado em risco as vidas de civis e profissionais.<\/p>\n<p>&#8220;A 23 de Agosto, houve um violento tiroteio enquanto as pessoas, incluindo crian\u00e7as, estavam reunidas em torno de um dos nossos pontos de distribui\u00e7\u00e3o de \u00e1gua em Khan Younis. No caos do momento, n\u00e3o ficou claro a partir de onde foram disparadas essas intensas e consecutivas rajadas de tiros&#8221;, esclareceu, em comunicado, a coordenadora da MSF na Faixa de Gaza, Helen Ottens-Patterson.<\/p>\n<p>Segundo a organiza\u00e7\u00e3o, uma rapariga que estava \u00e0 espera de \u00e1gua foi baleada nas costelas e transportada para o Hospital Nasser, em Khan Younis, o mesmo que esta segunda-feira foi duas vezes <a href=\"https:\/\/www.publico.pt\/2025\/08\/25\/mundo\/noticia\/ataque-israelita-hospital-sul-gaza-mata-15-pessoas-2144866\" target=\"_blank\" rel=\"nofollow noopener\">bombardeado pelas for\u00e7as israelitas<\/a>. Outra pessoa, um homem adulto, foi baleada numa m\u00e3o.<\/p>\n<p>O resto da multid\u00e3o, incluindo dois funcion\u00e1rios da MSF, conseguiu abrigar-se debaixo do cami\u00e3o de distribui\u00e7\u00e3o de \u00e1gua.<\/p>\n<p>\u201cN\u00e3o podemos aceitar o risco de os nossos pontos de distribui\u00e7\u00e3o de \u00e1gua se tornarem <a href=\"https:\/\/www.publico.pt\/2025\/07\/21\/mundo\/noticia\/sobe-93-numero-palestinianos-mortos-aguardavam-ajuda-humanitaria-2141086\" target=\"_blank\" rel=\"nofollow noopener\">locais de massacre<\/a>. Devido a este violento incidente, a distribui\u00e7\u00e3o de \u00e1gua foi imediatamente suspensa para proteger o pessoal m\u00e9dico e as comunidades, o que reduziu ainda mais a sua j\u00e1 limitada disponibilidade\u201d, l\u00ea-se no mesmo comunicado.<\/p>\n<p>        &#13;<\/p>\n<blockquote class=\"instagram-media\" data-instgrm-permalink=\"https:\/\/www.instagram.com\/reel\/DNoFIJexBef\/?utm_source=ig_embed&amp;utm_campaign=loading\" data-instgrm-version=\"14\" style=\" background:#FFF; border:0; border-radius:3px; box-shadow:0 0 1px 0 rgba(0,0,0,0.5),0 1px 10px 0 rgba(0,0,0,0.15); margin: 1px; max-width:540px; min-width:326px; padding:0; width:99.375%; width:-webkit-calc(100% - 2px); width:calc(100% - 2px);\"\/><p>&#13;<br \/>\n&#13;<\/p>\n<p>Helen Ottens-Patterson lembrou que \u201ceste incidente ocorre apenas dois dias depois\u201d de a MSF ter divulgado um v\u00eddeo \u201cque mostra como a popula\u00e7\u00e3o de Gaza est\u00e1 a ser <a href=\"https:\/\/www.publico.pt\/2024\/12\/19\/mundo\/noticia\/hrw-acusa-israel-genocidio-privar-agua-palestinianos-faixa-gaza-2116246\" target=\"_blank\" rel=\"nofollow noopener\">deliberadamente privada de \u00e1gua<\/a>\u201d.<\/p>\n<p>\u201cAs pessoas est\u00e3o a ser impedidas de aceder \u00e0 \u00e1gua. Desta vez, isso quase lhes custou a vida\u201d, alertou, apelando a que \u201ctodas as partes facilitem as condi\u00e7\u00f5es de seguran\u00e7a necess\u00e1rias para distribuir \u00e1gua&#8221;.<\/p>\n<p>\u201cDenunci\u00e1mos repetidamente este desprezo generalizado por toda a vida humana em Gaza e por tudo o que \u00e9 essencial \u00e0 vida, como a \u00e1gua\u201d, afirmou a respons\u00e1vel, que salientou que o cami\u00e3o estava \u201cclaramente identificado com o log\u00f3tipo da MSF e que era reconhec\u00edvel como ve\u00edculo humanit\u00e1rio\u201d. &#8220;Ainda assim, o p\u00e1ra-brisas, os dep\u00f3sitos de \u00e1gua e os pneus foram atingidos durante o tiroteio, que se prolongou por mais de 30 minutos.&#8221;<\/p>\n<p>A MSF lembrou que, tal como j\u00e1 acontecia com os alimentos, o combust\u00edvel e os equipamentos m\u00e9dicos e medicamentos, &#8220;o Ex\u00e9rcito israelita est\u00e1 a reduzir para n\u00edveis fatais o acesso \u00e0 \u00e1gua&#8221;, sendo j\u00e1 insuficiente a quantidade de \u00e1gua pot\u00e1vel autorizada a entrar em Gaza.<\/p>\n<p>Al\u00e9m do cami\u00e3o utilizado pelos M\u00e9dicos Sem Fronteiras, as balas atingiram tamb\u00e9m tendas de pessoas deslocadas em Khan Younis e que se tinham reunido para a distribui\u00e7\u00e3o de \u00e1gua.<\/p>\n<p>            <script async src=\"\/\/www.instagram.com\/embed.js\"><\/script><\/p>\n","protected":false},"excerpt":{"rendered":"A organiza\u00e7\u00e3o n\u00e3o-governamental M\u00e9dicos Sem Fronteiras (MSF) anunciou esta ter\u00e7a-feira, 26 de Agosto, ter suspendido a distribui\u00e7\u00e3o de&hellip;\n","protected":false},"author":2,"featured_media":46989,"comment_status":"","ping_status":"","sticky":false,"template":"","format":"standard","meta":{"footnotes":""},"categories":[50],"tags":[27,28,3026,257,15,16,532,14,259,25,26,21,22,944,432,62,12,13,19,20,431,23,24,17,18,29,30,31,63,64,65],"class_list":{"0":"post-46988","1":"post","2":"type-post","3":"status-publish","4":"format-standard","5":"has-post-thumbnail","7":"category-mundo","8":"tag-breaking-news","9":"tag-breakingnews","10":"tag-direitos-humanos","11":"tag-faixa-de-gaza","12":"tag-featured-news","13":"tag-featurednews","14":"tag-gaza","15":"tag-headlines","16":"tag-israel","17":"tag-latest-news","18":"tag-latestnews","19":"tag-main-news","20":"tag-mainnews","21":"tag-medicos-sem-fronteiras","22":"tag-medio-oriente","23":"tag-mundo","24":"tag-news","25":"tag-noticias","26":"tag-noticias-principais","27":"tag-noticiasprincipais","28":"tag-palestina","29":"tag-principais-noticias","30":"tag-principaisnoticias","31":"tag-top-stories","32":"tag-topstories","33":"tag-ultimas","34":"tag-ultimas-noticias","35":"tag-ultimasnoticias","36":"tag-world","37":"tag-world-news","38":"tag-worldnews"},"share_on_mastodon":{"url":"","error":""},"_links":{"self":[{"href":"https:\/\/www.europesays.com\/pt\/wp-json\/wp\/v2\/posts\/46988","targetHints":{"allow":["GET"]}}],"collection":[{"href":"https:\/\/www.europesays.com\/pt\/wp-json\/wp\/v2\/posts"}],"about":[{"href":"https:\/\/www.europesays.com\/pt\/wp-json\/wp\/v2\/types\/post"}],"author":[{"embeddable":true,"href":"https:\/\/www.europesays.com\/pt\/wp-json\/wp\/v2\/users\/2"}],"replies":[{"embeddable":true,"href":"https:\/\/www.europesays.com\/pt\/wp-json\/wp\/v2\/comments?post=46988"}],"version-history":[{"count":0,"href":"https:\/\/www.europesays.com\/pt\/wp-json\/wp\/v2\/posts\/46988\/revisions"}],"wp:featuredmedia":[{"embeddable":true,"href":"https:\/\/www.europesays.com\/pt\/wp-json\/wp\/v2\/media\/46989"}],"wp:attachment":[{"href":"https:\/\/www.europesays.com\/pt\/wp-json\/wp\/v2\/media?parent=46988"}],"wp:term":[{"taxonomy":"category","embeddable":true,"href":"https:\/\/www.europesays.com\/pt\/wp-json\/wp\/v2\/categories?post=46988"},{"taxonomy":"post_tag","embeddable":true,"href":"https:\/\/www.europesays.com\/pt\/wp-json\/wp\/v2\/tags?post=46988"}],"curies":[{"name":"wp","href":"https:\/\/api.w.org\/{rel}","templated":true}]}}