{"id":470068,"date":"2026-08-01T13:17:14","date_gmt":"2026-08-01T13:17:14","guid":{"rendered":"https:\/\/www.europesays.com\/pt\/470068\/"},"modified":"2026-08-01T13:17:14","modified_gmt":"2026-08-01T13:17:14","slug":"ue-reune-de-emergencia-para-analisar-crise-em-ceuta","status":"publish","type":"post","link":"https:\/\/www.europesays.com\/pt\/470068\/","title":{"rendered":"UE re\u00fane de emerg\u00eancia para analisar crise em Ceuta"},"content":{"rendered":"<p>\n                <b>O Mecanismo Integrado de Resposta Pol\u00edtica a Crises vai debater o movimento migrat\u00f3rio dos \u00faltimos dias, que levou \u00e0 entrada de mais de 50 mil imigrantes ilegais, provenientes de Marrocos, em Ceuta.<\/b><\/p>\n<p>A reuni\u00e3o de emerg\u00eancia foi convocada pela Irlanda, que ocupa nesta altura a presid\u00eancia rotativa do conselho.<\/p>\n<p>&#13;<br \/>\nEntre os assuntos em cima da mesa estar\u00e1 o apoio que est\u00e1 a ser dado pela UE a Espanha para gerir o fluxo migrat\u00f3rio de Marrocos para Ceuta, bem como os esfor\u00e7os diplom\u00e1ticos j\u00e1 iniciados com Rabat.&#13;\n<\/p>\n<p>\nAs autoridades espanholas estimam que, em apenas 24 horas, mais de 50 mil pessoas entraram na cidade aut\u00f3noma de Ceuta, provenientes de Marrocos &#8211; um n\u00famero que ultrapassou em cinco vezes a \u00faltima grande crise migrat\u00f3ria registada naquele enclave em 2021.<br \/>\n<b><br \/>&#13;<br \/>\n<\/b><\/p>\n<p>&#13;<br \/>\n<b>&#13;<br \/>\nEntretanto, as For\u00e7as de Seguran\u00e7a espanholas calculam que cerca de 69.500 migrantes sa\u00edram nas \u00faltimas 30 horas de Ceuta em dire\u00e7\u00e3o a Marrocos.\u00a0<\/b>Fontes policiais indicaram \u00e0 EFE que estes n\u00fameros podem incluir migrantes que chegaram \u00e0 cidade aut\u00f3noma nos dias anteriores \u00e0 entrada em massa e at\u00e9 outros que ter\u00e3o entrado e sa\u00eddo mais do que uma vez.&#13;\n<\/p>\n<p>          <img decoding=\"async\" itemprop=\"image\" class=\"img-fluid\"   src=\"https:\/\/www.europesays.com\/pt\/wp-content\/uploads\/2026\/08\/939b2c4221fb866525bded9b1c789898_N.jpg\"\/><\/p>\n<p>&#13;<br \/>\nA noite na cidade correu sem incidentes. As entradas foram totalmente suspensas, enquanto as partidas para Marrocos continuaram sem ocorr\u00eancias relevantes. Na manh\u00e3 deste s\u00e1bado come\u00e7aram a ser instaladas barreiras de conten\u00e7\u00e3o no espig\u00e3o da fronteira de Tarajal.&#13;\n<\/p>\n<p>&#13;<br \/>\n<b>O n\u00famero de mortos na sequ\u00eancia deste fluxo migrat\u00f3rio aumentou para 67.<\/b>&#13;\n<\/p>\n<p>S\u00e1nchez aponta o dedo a \u201cm\u00e1fias\u201d<br \/>\nAinda n\u00e3o se consegue explicar em concreto o que ter\u00e1 motivado este n\u00famero sem precedentes de migrantes que atravessaram a nado at\u00e9 \u00e0 costa de Ceuta.<\/p>\n<p>O primeiro-ministro espanhol afirmou que poderia dever-se a uma decis\u00e3o do supremo tribunal de Espanha este m\u00eas que impede a devolu\u00e7\u00e3o imediata a Marrocos de migrantes intercetados no mar ao tentar chegar a Ceuta ou a Melilla.<\/p>\n<p><b>S\u00e1nchez falam num \u201cataque, uma viola\u00e7\u00e3o da integridade territorial de Espanha&#8221; e acusou as &#8220;m\u00e1fias&#8221; de estarem por detr\u00e1s do rumor de que a fronteira tinha sido aberta.<\/b><\/p>\n<p>O Minist\u00e9rio do Interior espanhol anunciou o envio imediato de dezenas de membros da Guarda Civil e pol\u00edcias, incluindo oito mergulhadores, bem como uma embarca\u00e7\u00e3o e drones.<\/p>\n<p>Ceuta, um pequeno territ\u00f3rio de 84 mil habitantes situado no extremo norte de Marrocos, banhado pelo estreito de Gibraltar, forma uma das duas fronteiras terrestres entre \u00c1frica e a Europa (juntamente com o outro enclave espanhol, Melilla).&#13;\n            <\/p>\n","protected":false},"excerpt":{"rendered":"O Mecanismo Integrado de Resposta Pol\u00edtica a Crises vai debater o movimento migrat\u00f3rio dos \u00faltimos dias, que levou&hellip;\n","protected":false},"author":2,"featured_media":470069,"comment_status":"","ping_status":"","sticky":false,"template":"","format":"standard","meta":{"footnotes":"","_share_on_mastodon":"0"},"categories":[8],"tags":[27,28,9087,640,15,16,14,25,26,21,22,1959,2125,12,13,19,20,32,23,24,33,17,18,1977,29,30,31],"class_list":["post-470068","post","type-post","status-publish","format-standard","has-post-thumbnail","category-principais-noticias","tag-breaking-news","tag-breakingnews","tag-ceuta","tag-espanha","tag-featured-news","tag-featurednews","tag-headlines","tag-latest-news","tag-latestnews","tag-main-news","tag-mainnews","tag-marrocos","tag-migrantes","tag-news","tag-noticias","tag-noticias-principais","tag-noticiasprincipais","tag-portugal","tag-principais-noticias","tag-principaisnoticias","tag-pt","tag-top-stories","tag-topstories","tag-ue","tag-ultimas","tag-ultimas-noticias","tag-ultimasnoticias"],"share_on_mastodon":{"url":"https:\/\/pubeurope.com\/@pt\/117020449615722201","error":""},"_links":{"self":[{"href":"https:\/\/www.europesays.com\/pt\/wp-json\/wp\/v2\/posts\/470068","targetHints":{"allow":["GET"]}}],"collection":[{"href":"https:\/\/www.europesays.com\/pt\/wp-json\/wp\/v2\/posts"}],"about":[{"href":"https:\/\/www.europesays.com\/pt\/wp-json\/wp\/v2\/types\/post"}],"author":[{"embeddable":true,"href":"https:\/\/www.europesays.com\/pt\/wp-json\/wp\/v2\/users\/2"}],"replies":[{"embeddable":true,"href":"https:\/\/www.europesays.com\/pt\/wp-json\/wp\/v2\/comments?post=470068"}],"version-history":[{"count":0,"href":"https:\/\/www.europesays.com\/pt\/wp-json\/wp\/v2\/posts\/470068\/revisions"}],"wp:featuredmedia":[{"embeddable":true,"href":"https:\/\/www.europesays.com\/pt\/wp-json\/wp\/v2\/media\/470069"}],"wp:attachment":[{"href":"https:\/\/www.europesays.com\/pt\/wp-json\/wp\/v2\/media?parent=470068"}],"wp:term":[{"taxonomy":"category","embeddable":true,"href":"https:\/\/www.europesays.com\/pt\/wp-json\/wp\/v2\/categories?post=470068"},{"taxonomy":"post_tag","embeddable":true,"href":"https:\/\/www.europesays.com\/pt\/wp-json\/wp\/v2\/tags?post=470068"}],"curies":[{"name":"wp","href":"https:\/\/api.w.org\/{rel}","templated":true}]}}