{"id":47021,"date":"2025-08-27T08:02:08","date_gmt":"2025-08-27T08:02:08","guid":{"rendered":"https:\/\/www.europesays.com\/pt\/47021\/"},"modified":"2025-08-27T08:02:08","modified_gmt":"2025-08-27T08:02:08","slug":"fotografo-entrou-em-campo-no-us-open-e-irritou-medvedev-sou-a-vitima-o-jogo","status":"publish","type":"post","link":"https:\/\/www.europesays.com\/pt\/47021\/","title":{"rendered":"Fot\u00f3grafo entrou em campo no US Open e irritou Medvedev: &quot;Sou a v\u00edtima&quot; &#8211; O Jogo"},"content":{"rendered":"<ol>\n<li><a href=\"https:\/\/news.google.com\/rss\/articles\/CBMiowFBVV95cUxOa0VDYmFpNkNzX29hMXdNSnZlUWNKNEZ0TkdiNThYdzdjYmt6M3pWMGt6SVItREh1SUxOT1F2QURvQlFGRVEtdW1fZ21leFZzN1VlVzNYRFk4aVpURkFOZWY4dVROR1MyX0pKcDVJS3AydVBUVXA0RWZJamVUeWpDRllkczRIWGF6ZjVxdVluSG5OZDRjRmpxUHNuYjJwRVF3VUxr?oc=5\" target=\"_blank\" rel=\"nofollow noopener\">Fot\u00f3grafo entrou em campo no US Open e irritou Medvedev: &#8220;Sou a v\u00edtima&#8221;<\/a>&nbsp;&nbsp;O Jogo<\/li>\n<li><a href=\"https:\/\/news.google.com\/rss\/articles\/CBMi5wFBVV95cUxNaDJGVkFqWngyWV9WbENNcmgzMEh3dzVrQkEtTi1jV2pGOHNuaUU2THJQV0VzOGF4MVN1NHJhc0NtV202Z1NpTTlUNXhUeWJWeWdxelczSDJLVi1WeTczOWM0N0pQaEVxMGl3LUdWclU5SVNPSDNHX19FVnVBcU9lSDE3OXFhZXdLanN2X2tFd0paZjFtUWl6Wk5iSkRWZUE5SUs1djZuSXJ5eHBreXYwdE4yMVhOTmdybEhUaGU1MVdIdWR3VnJDUGwxcmZ0WU1RX1lzOENkRlRkbHpPcXpxUkVHSUEwZknSAfYBQVVfeXFMTVBSbVcwa0JpVmRyV05IR1g2bkdEQ0JTWFBQNXpzbFoydFVjeGxnWU5RdUN5eTJsaGxuRGJ6TktkVm9fRmJld0hXcUNOMHBFRWdTdnBONHMxV3E1b3A3alp3emt1NVpaLUl4U0NWbzhXRUZvVy1rbWh4Zi1ZcmIyVVBObzF2RXFtTVV3b21XekRldWR3ZTVJUFRqV3Zvd0pZV1gtbWFBVm51QjliSHo1MVRhUWhSWGx5MF9LNmY5Z29LT2ctOU5qRC0wcFE5S2ozOUVFc0R4UUlZLWlneUJlNXQ4Rnd2QWVOQllrTGZmUVU0aDc4SkhR?oc=5\" target=\"_blank\" rel=\"nofollow noopener\">Fot\u00f3grafo &#8220;perdido&#8221; e discuss\u00e3o com \u00e1rbitro s\u00e3o destaques na elimina\u00e7\u00e3o de Medvedev no US Open: &#8220;Voc\u00ea \u00e9 homem?&#8221;<\/a>&nbsp;&nbsp;GE<\/li>\n<li><a href=\"https:\/\/news.google.com\/rss\/articles\/CBMitwFBVV95cUxPMkFvX0ZXdEZWZmo1cjBhMXBSby1nSUh6cHlMdFdubVk1WXYyTENGQ3paQ2pvOE42MzNrQ1JRNmo3RjBLYjBfMERhaDRQa3F3MDI3XzVLQl9xTGsxMGVnSjNfMXpaZHprbWMxa0RwMmotODF6cEJra0hDSVIxQkNyb3MxWk5lX1BXY3I0VmthdU9JU2VFeURDN2pxbEJGV3ZQMFBQcGtheldhSTVRM2JhTGxnbnlXN1E?oc=5\" target=\"_blank\" rel=\"nofollow noopener\">US Open: ex-n\u00famero 1 do mundo fica furioso com \u00e1rbitro e destr\u00f3i raquete<\/a>&nbsp;&nbsp;CNN Brasil<\/li>\n<li><a href=\"https:\/\/news.google.com\/rss\/articles\/CBMinAFBVV95cUxQbnlIeHhoOTN3WDZRY2tKRlhCMzdZN3d4R0lIOG1BVXlDb1dqa2NxUmpnNkdNRXd4cVRFYUNKdGFGend3dkdhNVdNb1dSTl9uc0ZIeVcxMm9vTUZqa3RPdkNMU0ozbEFYblJMQktKamVwUEcwY25GN3FWdUZRZC1OSmVlTU5QTWQxWFlHQVFMQ1M1bE5ZUHNrSTNFc0Y?oc=5\" target=\"_blank\" rel=\"nofollow noopener\">Fot\u00f3grafo que \u201cinvadiu\u201d quadra se defende e alega ser inocente<\/a>&nbsp;&nbsp;TenisBrasil<\/li>\n<li><a href=\"https:\/\/news.google.com\/rss\/articles\/CBMiyAFBVV95cUxPU3RWZURyRmlsTEVaXzhqRVJxU3pCWjhaNTgwbkVtdWtkY3BTNVBaWnNBbzRLQm8tckRrSE5GTThEZjFVZmN6S1I1NENqMjBodFE1WEUwUzdlRVM3cHdIUkFab3pkNVVjb2JQV0UyaGZfWkZiWjVnQkM1NWdfdElWV1BsM21pTXV0R1RIeF9qY3hza3dLS2N4MGZJa1dQZE9Nc3ptU1JFU1NWVzBMUzBxa1FYR2FvSlFBLWM5elJXQURTTGZTX0RfSg?oc=5\" target=\"_blank\" rel=\"nofollow noopener\">Fot\u00f3grafo invade quadra no match point, revolta Medvedev e \u2018incendeia\u2019 jogo no US Open; veja<\/a>&nbsp;&nbsp;Estad\u00e3o<\/li>\n<\/ol>\n","protected":false},"excerpt":{"rendered":"Fot\u00f3grafo entrou em campo no US Open e irritou Medvedev: &#8220;Sou a v\u00edtima&#8221;&nbsp;&nbsp;O Jogo Fot\u00f3grafo &#8220;perdido&#8221; e discuss\u00e3o&hellip;\n","protected":false},"author":2,"featured_media":47022,"comment_status":"","ping_status":"","sticky":false,"template":"","format":"standard","meta":{"footnotes":""},"categories":[87],"tags":[135,32,33,134],"class_list":{"0":"post-47021","1":"post","2":"type-post","3":"status-publish","4":"format-standard","5":"has-post-thumbnail","7":"category-desporto","8":"tag-desporto","9":"tag-portugal","10":"tag-pt","11":"tag-sports"},"share_on_mastodon":{"url":"","error":""},"_links":{"self":[{"href":"https:\/\/www.europesays.com\/pt\/wp-json\/wp\/v2\/posts\/47021","targetHints":{"allow":["GET"]}}],"collection":[{"href":"https:\/\/www.europesays.com\/pt\/wp-json\/wp\/v2\/posts"}],"about":[{"href":"https:\/\/www.europesays.com\/pt\/wp-json\/wp\/v2\/types\/post"}],"author":[{"embeddable":true,"href":"https:\/\/www.europesays.com\/pt\/wp-json\/wp\/v2\/users\/2"}],"replies":[{"embeddable":true,"href":"https:\/\/www.europesays.com\/pt\/wp-json\/wp\/v2\/comments?post=47021"}],"version-history":[{"count":0,"href":"https:\/\/www.europesays.com\/pt\/wp-json\/wp\/v2\/posts\/47021\/revisions"}],"wp:featuredmedia":[{"embeddable":true,"href":"https:\/\/www.europesays.com\/pt\/wp-json\/wp\/v2\/media\/47022"}],"wp:attachment":[{"href":"https:\/\/www.europesays.com\/pt\/wp-json\/wp\/v2\/media?parent=47021"}],"wp:term":[{"taxonomy":"category","embeddable":true,"href":"https:\/\/www.europesays.com\/pt\/wp-json\/wp\/v2\/categories?post=47021"},{"taxonomy":"post_tag","embeddable":true,"href":"https:\/\/www.europesays.com\/pt\/wp-json\/wp\/v2\/tags?post=47021"}],"curies":[{"name":"wp","href":"https:\/\/api.w.org\/{rel}","templated":true}]}}