{"id":470262,"date":"2026-08-01T15:52:35","date_gmt":"2026-08-01T15:52:35","guid":{"rendered":"https:\/\/www.europesays.com\/pt\/470262\/"},"modified":"2026-08-01T15:52:35","modified_gmt":"2026-08-01T15:52:35","slug":"hoje-portugal-tomou-uma-decisao-corajosa-e-as-nossas-criancas-podem-agradecer-nos-mais-tarde-por-vera-de-melo","status":"publish","type":"post","link":"https:\/\/www.europesays.com\/pt\/470262\/","title":{"rendered":"&#8220;Hoje, Portugal tomou uma decis\u00e3o corajosa. E as nossas crian\u00e7as podem agradecer-nos mais tarde&#8221;, por Vera de Melo"},"content":{"rendered":"<p>A not\u00edcia dividiu opini\u00f5es quase de imediato. Uns aplaudiram. Outros disseram que \u00e9 um retrocesso. Que a tecnologia faz parte da vida. Que o problema n\u00e3o \u00e9 o telem\u00f3vel, mas a forma como \u00e9 usado.<\/p>\n<p>Como psic\u00f3loga, concordo com uma parte dessa afirma\u00e7\u00e3o.<\/p>\n<blockquote>\n<p><strong>O problema nunca foi o telem\u00f3vel.<\/strong><\/p>\n<\/blockquote>\n<p>O problema \u00e9 entregarmos um mundo para o qual o c\u00e9rebro de uma crian\u00e7a ainda n\u00e3o est\u00e1 preparado.<\/p>\n<p>A neuropsicologia mostra-nos que o c\u00f3rtex pr\u00e9-frontal, respons\u00e1vel pelo autocontrolo, pela tomada de decis\u00e3o, pela capacidade de resistir ao impulso imediato e pela regula\u00e7\u00e3o emocional, continua em desenvolvimento durante toda a adolesc\u00eancia. Esperar que uma crian\u00e7a consiga resistir, sozinha, a um dispositivo desenhado por milhares de especialistas para prender a sua aten\u00e7\u00e3o \u00e9 pedir-lhe aquilo que o seu c\u00e9rebro ainda n\u00e3o consegue fazer de forma consistente.<\/p>\n<p>N\u00e3o \u00e9 uma quest\u00e3o de for\u00e7a de vontade.<\/p>\n<p>\u00c9 uma quest\u00e3o de desenvolvimento.<\/p>\n<p>Cada notifica\u00e7\u00e3o interrompe a concentra\u00e7\u00e3o. Cada v\u00eddeo de poucos segundos treina o c\u00e9rebro para procurar gratifica\u00e7\u00e3o imediata. Cada compara\u00e7\u00e3o nas redes sociais influencia a autoestima numa fase em que a identidade ainda est\u00e1 a ser constru\u00edda.<\/p>\n<p>E depois perguntamo-nos porque existem mais dificuldades de aten\u00e7\u00e3o, mais ansiedade, mais isolamento, menos toler\u00e2ncia \u00e0 frustra\u00e7\u00e3o e mais crian\u00e7as incapazes de suportar alguns minutos de aborrecimento.<\/p>\n<p>O telem\u00f3vel n\u00e3o explica tudo.<\/p>\n<p>Mas ignorar o seu impacto seria fechar os olhos \u00e0 evid\u00eancia cient\u00edfica.<\/p>\n<p>A escola sempre foi muito mais do que um lugar para aprender matem\u00e1tica ou portugu\u00eas.<\/p>\n<p>\u00c9 o laborat\u00f3rio onde se aprende a viver.<\/p>\n<p>\u00c9 nos corredores que se fazem amizades. \u00c9 nos intervalos que se resolvem conflitos. \u00c9 nos jogos improvisados que se aprende a perder, a negociar, a esperar pela vez e a reparar uma zanga.<\/p>\n<p>Nenhuma aplica\u00e7\u00e3o ensina isso.<\/p>\n<p>Quando cada intervalo \u00e9 vivido de cabe\u00e7a baixa, preso a um ecr\u00e3, perdemos centenas de oportunidades de desenvolvimento emocional e social.<\/p>\n<p>Esta medida n\u00e3o \u00e9 contra a tecnologia.<\/p>\n<p>\u00c9 a favor da inf\u00e2ncia.<\/p>\n<p>Porque uma inf\u00e2ncia saud\u00e1vel precisa de brincar sem fotografar, conversar sem interromper, rir sem gravar e aborrecer-se sem procurar imediatamente um ecr\u00e3.<\/p>\n<p>Claro que esta decis\u00e3o, por si s\u00f3, n\u00e3o resolve tudo.<\/p>\n<p>Se a escola pro\u00edbe o telem\u00f3vel, mas em casa a crian\u00e7a passa cinco, seis ou sete horas por dia agarrada ao smartphone, estaremos apenas a deslocar o problema.<\/p>\n<p>A verdadeira mudan\u00e7a exige tamb\u00e9m fam\u00edlias presentes, adultos que deem o exemplo e educa\u00e7\u00e3o digital desde cedo.<\/p>\n<p>Os filhos aprendem menos com aquilo que lhes dizemos e muito mais com aquilo que nos veem fazer.<\/p>\n<p>Talvez seja por isso que esta decis\u00e3o incomoda tantos adultos.<\/p>\n<p>Porque obriga-nos a olhar primeiro para os nossos pr\u00f3prios h\u00e1bitos.<\/p>\n<p>A grande pergunta n\u00e3o \u00e9 se as crian\u00e7as conseguem viver sem telem\u00f3vel durante o hor\u00e1rio escolar.<\/p>\n<p>A verdadeira pergunta \u00e9 esta: Ser\u00e1 que n\u00f3s, adultos, conseguimos?<\/p>\n<p>Se a resposta nos deixa desconfort\u00e1veis, talvez seja precisamente por isso que esta medida faz tanto sentido.<\/p>\n<p>Hoje n\u00e3o foi aprovada apenas uma regra.<\/p>\n<p>Foi aprovada uma oportunidade.<\/p>\n<p>A oportunidade de devolvermos \u00e0s crian\u00e7as algo que nunca lhes devia ter sido roubado: a capacidade de olhar nos olhos, de brincar sem interrup\u00e7\u00f5es, de criar mem\u00f3rias em vez de apenas conte\u00fados e de crescer ao ritmo do seu pr\u00f3prio desenvolvimento.<\/p>\n<p>Daqui a muitos anos, \u00e9 pouco prov\u00e1vel que algum adulto diga: &#8220;Gostava de ter passado mais tempo no telem\u00f3vel durante os intervalos.&#8221;<\/p>\n<p>Mas acredito que muitos dir\u00e3o: &#8220;Ainda bem que houve algu\u00e9m que protegeu a minha inf\u00e2ncia quando eu ainda n\u00e3o sabia proteg\u00ea-la sozinho.&#8221;<\/p>\n","protected":false},"excerpt":{"rendered":"A not\u00edcia dividiu opini\u00f5es quase de imediato. Uns aplaudiram. Outros disseram que \u00e9 um retrocesso. Que a tecnologia&hellip;\n","protected":false},"author":2,"featured_media":470263,"comment_status":"","ping_status":"","sticky":false,"template":"","format":"standard","meta":{"footnotes":"","_share_on_mastodon":"0"},"categories":[10],"tags":[27,28,1404,4763,980,15,16,14,25,26,21,22,619,12,13,19,20,835,32,23,24,4740,33,1012,4057,17,18,29,30,31,25403],"class_list":["post-470262","post","type-post","status-publish","format-standard","has-post-thumbnail","category-portugal","tag-breaking-news","tag-breakingnews","tag-cronica","tag-exclusivo","tag-famosos","tag-featured-news","tag-featurednews","tag-headlines","tag-latest-news","tag-latestnews","tag-main-news","tag-mainnews","tag-nacional","tag-news","tag-noticias","tag-noticias-principais","tag-noticiasprincipais","tag-opiniao","tag-portugal","tag-principais-noticias","tag-principaisnoticias","tag-psicologia","tag-pt","tag-selfie","tag-telemoveis","tag-top-stories","tag-topstories","tag-ultimas","tag-ultimas-noticias","tag-ultimasnoticias","tag-vera-de-melo"],"share_on_mastodon":{"url":"","error":"Validation failed: Text character limit of 500 exceeded"},"_links":{"self":[{"href":"https:\/\/www.europesays.com\/pt\/wp-json\/wp\/v2\/posts\/470262","targetHints":{"allow":["GET"]}}],"collection":[{"href":"https:\/\/www.europesays.com\/pt\/wp-json\/wp\/v2\/posts"}],"about":[{"href":"https:\/\/www.europesays.com\/pt\/wp-json\/wp\/v2\/types\/post"}],"author":[{"embeddable":true,"href":"https:\/\/www.europesays.com\/pt\/wp-json\/wp\/v2\/users\/2"}],"replies":[{"embeddable":true,"href":"https:\/\/www.europesays.com\/pt\/wp-json\/wp\/v2\/comments?post=470262"}],"version-history":[{"count":0,"href":"https:\/\/www.europesays.com\/pt\/wp-json\/wp\/v2\/posts\/470262\/revisions"}],"wp:featuredmedia":[{"embeddable":true,"href":"https:\/\/www.europesays.com\/pt\/wp-json\/wp\/v2\/media\/470263"}],"wp:attachment":[{"href":"https:\/\/www.europesays.com\/pt\/wp-json\/wp\/v2\/media?parent=470262"}],"wp:term":[{"taxonomy":"category","embeddable":true,"href":"https:\/\/www.europesays.com\/pt\/wp-json\/wp\/v2\/categories?post=470262"},{"taxonomy":"post_tag","embeddable":true,"href":"https:\/\/www.europesays.com\/pt\/wp-json\/wp\/v2\/tags?post=470262"}],"curies":[{"name":"wp","href":"https:\/\/api.w.org\/{rel}","templated":true}]}}