{"id":470628,"date":"2026-08-01T21:22:26","date_gmt":"2026-08-01T21:22:26","guid":{"rendered":"https:\/\/www.europesays.com\/pt\/470628\/"},"modified":"2026-08-01T21:22:26","modified_gmt":"2026-08-01T21:22:26","slug":"show-de-encerramento-de-coracao-acelerado-transforma-goiania-em-set-de-novela-o-popular","status":"publish","type":"post","link":"https:\/\/www.europesays.com\/pt\/470628\/","title":{"rendered":"Show de encerramento de Cora\u00e7\u00e3o Acelerado transforma Goi\u00e2nia em set de novela &#8211; O Popular"},"content":{"rendered":"<ol>\n<li><a href=\"https:\/\/news.google.com\/rss\/articles\/CBMivAFBVV95cUxNM09PN3h5ZXdJVjJZQkpiSDdOX0lXb0p6cXh2dEo3ZE1yeDhvbzNUWk5PVjREWXpCQUJMSzlpbE5TeHlNVl9sUXEwdXdoNWlpaEhjY0RTbEJCNzM0QmxjaV81TnI3OFJNOXNOZFdEQ1FpRmx0LWRrb2J4czNEaWVLSTRRRFNXVHhadExvTGdCTElNd1p6aXJNSDhpQV8tWGpLUGt2VEFGOWgxYnZNdTVUOUtUTHdFYzFzQl9QNQ?oc=5\" target=\"_blank\" rel=\"nofollow noopener\">Show de encerramento de Cora\u00e7\u00e3o Acelerado transforma Goi\u00e2nia em set de novela<\/a>&nbsp;&nbsp;O Popular<\/li>\n<li><a href=\"https:\/\/news.google.com\/rss\/articles\/CBMikAJBVV95cUxOUmhMUWdMeXZlTktsTkpQdTR4V2RyZDJqZzlnYkpfN0tyUVdEZEdNU011QmpmbHVmTUdBTnA4a1ZXb3IxX3k1WmZBQ1RJVkRZUGJjOHFndjJNb1RXWGtMbEVNVFdqVUc4cGZkT0d6aEx3T056QkFJRlJ1WC1lUU43M2k2a25UdEVwcEVkSEpTb0JDRWlSVXl2dExYNEZVNXNkbHR3M0Z5UFhGdkFmYkJFM05wTXRmZW54bEQ3VUM2NUMxQ3hBRjl1eGR1cHMxVk52aFJlZEN1ZDFQVy1qeHBjYzZUQkF4ajlPdFJIUnVnMmFVcEdwS2tjY1p6OVBFZU9VTEtNb2Z0NnZaR2E1SGUxQtIBnwJBVV95cUxNRld4T2RCbUZnakVsQ25hclpBdTlvc0xBZUhWZUlZbXk2a0xtanRwRVNQSS1PYkN5QWJQV3FOdmNNTmFDS2FBMlA1aVk4SmM4VVZOX21EcXRzZnhPWkctRW05YTFuYVZoWTFIZnlXdmc3X05yVktrem00d0FHaXdyVUFNa2VFWjExM1VrM0NibjNTUUF4WE9oWk1Wa3hsYmNoOEZyOE5HOEhLbTJidTFUVTRBR1FCbWpuNDM0eERhcmpjNDI5c18tTFo5Z2pHSjZ0MU0zbG5ic2p1ZHVRNXhUTS1iZUpwdkctYkdaeG4ybUZwcnBVSXItVkdpamFoMkJXLXF2SjFmcDFmbW1JNzBuTk9CM21samE3ZFBLemlkbw?oc=5\" target=\"_blank\" rel=\"nofollow noopener\">Show sertanejo in\u00e9dito com Ana Castela, Daniel e Chit\u00e3ozinho e Xoror\u00f3 em Goi\u00e2nia marca o encerramento da novela Cora\u00e7\u00e3o Acelerado<\/a>&nbsp;&nbsp;G1<\/li>\n<li><a href=\"https:\/\/news.google.com\/rss\/articles\/CBMi1wFBVV95cUxQd3V4dnljUFBlLVZHQzRFSEczWlU4d2JSMzdmeEFDZUNjMmdqd3AzY3pTcEVRY2draW9IVmlHY0Rfa0ExT0czLUw4T3pnTXp5OWJWVjJRNXRqRVNqVFhZRWtwNWdfakZybkU3MlpNcWZQeXM3YUFNQVZtWFFZOFczajRaUGZ6NlFWZXp4YXRCbU9PM19mekNjZEVzX1JJOHRObnV6bThxTGRNMGc1Q0hwbW1Qa1QtZENXYU12SGJpd3JyVUZOdWxmUDdCMXlKWmg3Y2oxVzN3SdIB5gFBVV95cUxOakhmb2ZiREl6blBVZGxycmRYVzF5a0oyNlhVV1JjaWgtX0ZGc1lKNVRTYVlhWlhmZHd2OU9ucjFnNzl1NjlCTjJWeW5XYnpDa1dyTnpubk4wWkNzS1Nqa2tjOFRMVG5xNEtCQXdJR0NtY2ROOW5GMHFlMTNDUDF1dDlqQURGQmxzTThMNk9rdzBqbmxWVmRqMl9Fd1UycVNfRV9qNkhySl9WOE9ZTS0yOUxCMm5SY0QteEdqanlsOEFJUUNYaGptSGZXTzFPVjFaMDdDaGhVM1NRN0s1WWIwWHd6NlpYUQ?oc=5\" target=\"_blank\" rel=\"nofollow noopener\">Filipe Bragan\u00e7a se recusa a virar cantor sertanejo fora da TV: &#8216;Pr\u00f3pria identidade&#8217;<\/a>&nbsp;&nbsp;Not\u00edcias da TV<\/li>\n<li><a href=\"https:\/\/news.google.com\/rss\/articles\/CBMirwFBVV95cUxNNnJaN3hjWUtpc0dfenpWOWFRSDhiNGFHT0loZ25tb0Jxd01QdHUxWi12dWFUcHlaNUNBSFlmVUJiZnpWc25lXzNvVi1ReEMtdFU4SG94cVhzM0l4WmRVdUxJU2xnQ3pwUGpsOHFUTDVvcml1ZmhGZnhVdmRVTV9hY29nT0xNakI2LWdLelloYTlsYXpadDNMS1FreG9ULV9ZSk1yWHlXZTFQc3h0aklv?oc=5\" target=\"_blank\" rel=\"nofollow noopener\">Famosos e elenco nos bastidores do show da novela Cora\u00e7\u00e3o Acelerado<\/a>&nbsp;&nbsp;NSC Total<\/li>\n<li><a href=\"https:\/\/news.google.com\/rss\/articles\/CBMilgFBVV95cUxOVWpZVXduRmNsS1VfcEkxMU5NU1hhdGFncHhzQktPZkQyTnN3WnVoMERMQXdsVkJKSXVfa2ctQU1ISHFqTTR6YkhLb2hvNUlTelJaR0FnS3FudDlHTVpGNXJhMWQ5c1Zlc2NoWlpUMVlMMzNyQkczWjR1LU9DLTQtelk4VkRkMkFVLWpPbm9JSXh6dkZTNHc?oc=5\" target=\"_blank\" rel=\"nofollow noopener\">Atores de Cora\u00e7\u00e3o Acelerado provam pit dog em Goi\u00e2nia<\/a>&nbsp;&nbsp;Di\u00e1rio da Manh\u00e3<\/li>\n<\/ol>\n","protected":false},"excerpt":{"rendered":"Show de encerramento de Cora\u00e7\u00e3o Acelerado transforma Goi\u00e2nia em set de novela&nbsp;&nbsp;O Popular Show sertanejo in\u00e9dito com Ana&hellip;\n","protected":false},"author":2,"featured_media":470629,"comment_status":"","ping_status":"","sticky":false,"template":"","format":"standard","meta":{"footnotes":"","_share_on_mastodon":"0"},"categories":[142],"tags":[13762,10169,114,115,2931,32,33,574,151],"class_list":["post-470628","post","type-post","status-publish","format-standard","has-post-thumbnail","category-tv","tag-ana-castela","tag-coracao-acelerado","tag-entertainment","tag-entretenimento","tag-novela","tag-portugal","tag-pt","tag-show","tag-tv"],"share_on_mastodon":{"url":"https:\/\/pubeurope.com\/@pt\/117022356223412305","error":""},"_links":{"self":[{"href":"https:\/\/www.europesays.com\/pt\/wp-json\/wp\/v2\/posts\/470628","targetHints":{"allow":["GET"]}}],"collection":[{"href":"https:\/\/www.europesays.com\/pt\/wp-json\/wp\/v2\/posts"}],"about":[{"href":"https:\/\/www.europesays.com\/pt\/wp-json\/wp\/v2\/types\/post"}],"author":[{"embeddable":true,"href":"https:\/\/www.europesays.com\/pt\/wp-json\/wp\/v2\/users\/2"}],"replies":[{"embeddable":true,"href":"https:\/\/www.europesays.com\/pt\/wp-json\/wp\/v2\/comments?post=470628"}],"version-history":[{"count":0,"href":"https:\/\/www.europesays.com\/pt\/wp-json\/wp\/v2\/posts\/470628\/revisions"}],"wp:featuredmedia":[{"embeddable":true,"href":"https:\/\/www.europesays.com\/pt\/wp-json\/wp\/v2\/media\/470629"}],"wp:attachment":[{"href":"https:\/\/www.europesays.com\/pt\/wp-json\/wp\/v2\/media?parent=470628"}],"wp:term":[{"taxonomy":"category","embeddable":true,"href":"https:\/\/www.europesays.com\/pt\/wp-json\/wp\/v2\/categories?post=470628"},{"taxonomy":"post_tag","embeddable":true,"href":"https:\/\/www.europesays.com\/pt\/wp-json\/wp\/v2\/tags?post=470628"}],"curies":[{"name":"wp","href":"https:\/\/api.w.org\/{rel}","templated":true}]}}