{"id":470812,"date":"2026-08-02T00:11:17","date_gmt":"2026-08-02T00:11:17","guid":{"rendered":"https:\/\/www.europesays.com\/pt\/470812\/"},"modified":"2026-08-02T00:11:17","modified_gmt":"2026-08-02T00:11:17","slug":"humorista-que-levou-cadeirada-diz-receber-ameacas-de-morte-e-adia-turne-r7-entretenimento","status":"publish","type":"post","link":"https:\/\/www.europesays.com\/pt\/470812\/","title":{"rendered":"Humorista que levou cadeirada diz receber amea\u00e7as de morte e adia turn\u00ea \u2013 R7 Entretenimento"},"content":{"rendered":"<p>LEIA AQUI O RESUMO DA NOT\u00cdCIA<\/p>\n<ul class=\"b-article-body-custom-embed-brief-news__list\" style=\"margin: 0; padding-left: 20px; list-style-type: disc;\">\n<li>Fernanda Arantes, humorista, recebeu amea\u00e7as de morte ap\u00f3s ser atingida por uma cadeirada durante show em Santa Catarina.<\/li>\n<li>As amea\u00e7as teriam sido enviadas pela mesma mulher respons\u00e1vel pela agress\u00e3o, levando Fernanda a registrar um novo boletim de ocorr\u00eancia.<\/li>\n<li>Apesar de adiar sua turn\u00ea para cuidar da sa\u00fade mental, Fernanda continuar\u00e1 sua carreira e busca responsabiliza\u00e7\u00e3o da agressora.<\/li>\n<li>A agressora, J\u00e9ssica Souza Santos, foi indiciada por inj\u00faria e vias de fato ap\u00f3s o incidente no Floripa Comedy Club.<\/li>\n<\/ul>\n<p style=\"font-size: 0.8em; font-style: italic; text-align: right; margin-top: 15px; padding-bottom: 5px; margin-bottom: 0;\">Produzido pela Ri7a &#8211; a Intelig\u00eancia Artificial do R7<\/p>\n<p><img decoding=\"async\" data-chromatic=\"ignore\" alt=\"\" class=\"c-image\" loading=\"lazy\" src=\"https:\/\/www.europesays.com\/pt\/wp-content\/uploads\/2026\/08\/ATLATRKYPFEU7MXYXFF5WODLKI.jpeg\"  width=\"1300\" height=\"731\"\/>Humorista agredida em Florian\u00f3polis se pronunciou ap\u00f3s amea\u00e7as Reprodu\u00e7\u00e3o\/Instagram\/afernandaarantes<\/p>\n<p class=\"jarvics:base-text-neutral-high-400 xovem:base-text-dark-high-400 base-text-[calc(theme(fontSize.xs)_*_var(--font-size,_1))] base-font-normal base-font-primary base-text-neutral-low-500 base-text-left\">A comediante <a href=\"https:\/\/entretenimento.r7.com\/prisma\/fabiola-reipert\/video\/fernanda-arantes-comediante-que-levou-cadeirada-em-show-revela-detalhes-da-agressao-13072026\/\" target=\"_self\" rel=\"nofollow noopener\" title=\"https:\/\/entretenimento.r7.com\/prisma\/fabiola-reipert\/video\/fernanda-arantes-comediante-que-levou-cadeirada-em-show-revela-detalhes-da-agressao-13072026\/\">Fernanda Arantes<\/a>, que viralizou ap\u00f3s ser atingida por uma <a href=\"https:\/\/entretenimento.r7.com\/famosos-e-tv\/vanity-brasil\/policia-civil-indicia-suspeita-de-atirar-cadeira-em-comediante-em-florianopolis-25072026\/\" target=\"_self\" rel=\"nofollow noopener\" title=\"https:\/\/entretenimento.r7.com\/famosos-e-tv\/vanity-brasil\/policia-civil-indicia-suspeita-de-atirar-cadeira-em-comediante-em-florianopolis-25072026\/\">cadeirada<\/a> durante um show de stand-up em <a href=\"https:\/\/noticias.r7.com\/santa-catarina\/\" target=\"_self\" rel=\"nofollow noopener\" title=\"https:\/\/noticias.r7.com\/santa-catarina\/\">Santa Catarina<\/a>, voltou a falar sobre o caso. Nesta quinta-feira (30), ela revelou que passou a receber novas <a href=\"https:\/\/record.r7.com\/fala-brasil\/video\/humorista-e-insultada-e-agredida-durante-show-em-florianopolis-santa-catarina-13072026\/\" target=\"_self\" rel=\"nofollow noopener\" title=\"https:\/\/record.r7.com\/fala-brasil\/video\/humorista-e-insultada-e-agredida-durante-show-em-florianopolis-santa-catarina-13072026\/\">amea\u00e7as<\/a> de morte e anunciou a pausa de sua turn\u00ea para cuidar da <a href=\"https:\/\/www.r7.com\/tudo-sobre\/saude-mental\/\" target=\"_self\" rel=\"nofollow noopener\" title=\"https:\/\/www.r7.com\/tudo-sobre\/saude-mental\/\">sa\u00fade mental<\/a>.<\/p>\n<p class=\"jarvics:base-text-neutral-high-400 xovem:base-text-dark-high-400 base-text-[calc(theme(fontSize.xs)_*_var(--font-size,_1))] base-font-normal base-font-primary base-text-neutral-low-500 base-text-left\">Em um v\u00eddeo publicado nas <a href=\"https:\/\/www.r7.com\/tudo-sobre\/redes-sociais\/\" target=\"_self\" rel=\"nofollow noopener\" title=\"https:\/\/www.r7.com\/tudo-sobre\/redes-sociais\/\">redes sociais<\/a>, Fernanda contou que as mensagens teriam sido enviadas pela mesma mulher apontada pela Pol\u00edcia Civil como autora da agress\u00e3o. Segundo a humorista, ela pretende registrar um novo boletim de ocorr\u00eancia por amea\u00e7a.<\/p>\n<p class=\"jarvics:base-text-neutral-high-400 xovem:base-text-dark-high-400 base-text-[calc(theme(fontSize.xs)_*_var(--font-size,_1))] base-font-normal base-font-primary base-text-neutral-low-500 base-text-left\">\u201cTeoricamente, isso era para ser uma coisa que ia passar, s\u00f3 que, infelizmente, n\u00e3o parou. Estou tendo que ler esse tipo de coisa: \u2018se pudesse, teria sido uma facada, n\u00e3o uma cadeirada\u2019. Vou precisar fazer esse boletim de ocorr\u00eancia por amea\u00e7a\u201d, desabafou.<\/p>\n<p class=\"jarvics:base-text-neutral-high-400 xovem:base-text-dark-high-400 base-text-[calc(theme(fontSize.xs)_*_var(--font-size,_1))] base-font-normal base-font-primary base-text-neutral-low-500 base-text-left\">Apesar da decis\u00e3o de adiar os compromissos profissionais, Fernanda afirmou que n\u00e3o pretende abandonar a carreira. Ela disse que continuar\u00e1 fazendo com\u00e9dia e buscando a responsabiliza\u00e7\u00e3o da agressora. \u201cVou continuar fazendo o que eu acredito, vou continuar fazendo com\u00e9dia. N\u00e3o vou deixar ficar impune. Vou continuar lutando para que nenhuma mulher sofra nenhum tipo de agress\u00e3o\u201d, afirmou.<\/p>\n<p class=\"jarvics:base-text-neutral-high-400 xovem:base-text-dark-high-400 base-text-[calc(theme(fontSize.xs)_*_var(--font-size,_1))] base-font-normal base-font-primary base-text-neutral-low-500 base-text-left\">A nova manifesta\u00e7\u00e3o acontece poucos dias depois de a Pol\u00edcia Civil confirmar o indiciamento da mulher apontada como respons\u00e1vel pela cadeirada. Identificada como J\u00e9ssica Souza Santos, ela foi indiciada pelos crimes de inj\u00faria e vias de fato. Em v\u00eddeos publicados nas redes sociais, a suspeita afirmou que a comediante teria feito \u201cpiadas totalmente absurdas\u201d, mas n\u00e3o explicou quais seriam.<\/p>\n<p class=\"jarvics:base-text-neutral-high-400 xovem:base-text-dark-high-400 base-text-[calc(theme(fontSize.xs)_*_var(--font-size,_1))] base-font-normal base-font-primary base-text-neutral-low-500 base-text-left\">O caso aconteceu no in\u00edcio de julho, durante uma apresenta\u00e7\u00e3o do espet\u00e1culo \u201cM\u00e3e Bichol\u00f3gica\u201d, no Floripa Comedy Club, em Florian\u00f3polis. Imagens que circularam na web mostram o momento em que uma mulher joga uma cadeira contra Fernanda, que consegue se proteger com os bra\u00e7os e pede que a pol\u00edcia seja chamada antes de continuar a apresenta\u00e7\u00e3o.<\/p>\n<p class=\"jarvics:base-text-neutral-high-400 xovem:base-text-dark-high-400 base-text-[calc(theme(fontSize.xs)_*_var(--font-size,_1))] base-font-normal base-font-primary base-text-neutral-low-500 base-text-left\"><b>Para saber tudo do mundo dos famosos,<\/b><a href=\"https:\/\/whatsapp.com\/channel\/0029Va9UfKcHQbRyCyhPt71R\" rel=\"nofollow noopener\" target=\"_blank\"><b> siga o canal de entretenimento do R7<\/b><\/a><b>, o portal de not\u00edcias da Record, no WhatsApp.<\/b><\/p>\n","protected":false},"excerpt":{"rendered":"LEIA AQUI O RESUMO DA NOT\u00cdCIA Fernanda Arantes, humorista, recebeu amea\u00e7as de morte ap\u00f3s ser atingida por uma&hellip;\n","protected":false},"author":2,"featured_media":470813,"comment_status":"","ping_status":"","sticky":false,"template":"","format":"standard","meta":{"footnotes":"","_share_on_mastodon":"0"},"categories":[145],"tags":[5571,211,210,114,115,3034,32,33,574],"class_list":["post-470812","post","type-post","status-publish","format-standard","has-post-thumbnail","category-celebridades","tag-agressao","tag-celebridades","tag-celebrities","tag-entertainment","tag-entretenimento","tag-famosos-e-celebridades","tag-portugal","tag-pt","tag-show"],"share_on_mastodon":{"url":"https:\/\/pubeurope.com\/@pt\/117023021139349656","error":""},"_links":{"self":[{"href":"https:\/\/www.europesays.com\/pt\/wp-json\/wp\/v2\/posts\/470812","targetHints":{"allow":["GET"]}}],"collection":[{"href":"https:\/\/www.europesays.com\/pt\/wp-json\/wp\/v2\/posts"}],"about":[{"href":"https:\/\/www.europesays.com\/pt\/wp-json\/wp\/v2\/types\/post"}],"author":[{"embeddable":true,"href":"https:\/\/www.europesays.com\/pt\/wp-json\/wp\/v2\/users\/2"}],"replies":[{"embeddable":true,"href":"https:\/\/www.europesays.com\/pt\/wp-json\/wp\/v2\/comments?post=470812"}],"version-history":[{"count":0,"href":"https:\/\/www.europesays.com\/pt\/wp-json\/wp\/v2\/posts\/470812\/revisions"}],"wp:featuredmedia":[{"embeddable":true,"href":"https:\/\/www.europesays.com\/pt\/wp-json\/wp\/v2\/media\/470813"}],"wp:attachment":[{"href":"https:\/\/www.europesays.com\/pt\/wp-json\/wp\/v2\/media?parent=470812"}],"wp:term":[{"taxonomy":"category","embeddable":true,"href":"https:\/\/www.europesays.com\/pt\/wp-json\/wp\/v2\/categories?post=470812"},{"taxonomy":"post_tag","embeddable":true,"href":"https:\/\/www.europesays.com\/pt\/wp-json\/wp\/v2\/tags?post=470812"}],"curies":[{"name":"wp","href":"https:\/\/api.w.org\/{rel}","templated":true}]}}