{"id":47105,"date":"2025-08-27T09:17:08","date_gmt":"2025-08-27T09:17:08","guid":{"rendered":"https:\/\/www.europesays.com\/pt\/47105\/"},"modified":"2025-08-27T09:17:08","modified_gmt":"2025-08-27T09:17:08","slug":"oficial-bruno-varela-rescinde-com-vitoria-e-assina-pelo-al-hazem","status":"publish","type":"post","link":"https:\/\/www.europesays.com\/pt\/47105\/","title":{"rendered":"OFICIAL: Bruno Varela rescinde com Vit\u00f3ria e assina pelo Al-Hazem"},"content":{"rendered":"<p>Bruno Varela \u00e9 refor\u00e7o do Al-Hazem, clube rec\u00e9m-promovido ao principal escal\u00e3o da Ar\u00e1bia Saudita, ap\u00f3s cinco \u00e9pocas ao servi\u00e7o do Vit\u00f3ria de Guimar\u00e3es, confirmou esta ter\u00e7a-feira o clube minhoto que, entretanto, publicou uma sentida mensagem de despedida.<\/p>\n<p>\u00abA carreira de Bruno Varela vai prosseguir na \u00c1rabia Saudita, ao servi\u00e7o do Al-Hazem. O guarda-redes de 30 anos acordou a rescis\u00e3o do contrato com a Vit\u00f3ria Sport Clube, Futebol SAD e assinou pelo clube da principal liga saudita. Termina assim uma prof\u00edcua e duradoura liga\u00e7\u00e3o entre Bruno Varela e o Vit\u00f3ria, iniciada no ver\u00e3o de 2020\u00bb, refere uma primeira nota do Vit\u00f3ria.<\/p>\n<p>A oficializa\u00e7\u00e3o da transfer\u00eancia d\u00e1-se mais de um m\u00eas depois de o internacional cabo-verdiano ter deixado de trabalhar com o plantel treinado por Lu\u00eds Pinto, apesar de ter iniciado a pr\u00e9-\u00e9poca nos minhotos, com os quais tinha contrato v\u00e1lido at\u00e9 2026.<\/p>\n<p>Entre as temporadas 2020\/21 e 2024\/25, o futebolista participou em 174 jogos oficiais pelos vimaranenses, repartidos pela I Liga, Ta\u00e7a de Portugal, Ta\u00e7a da Liga e Liga Confer\u00eancia.<\/p>\n<p>O guardi\u00e3o, de 30 anos, vai cumprir a terceira experi\u00eancia fora de Portugal, depois de j\u00e1 ter representado os espanh\u00f3is do Valladolid (2015\/16), por empr\u00e9stimo do Benfica, e os neerlandeses do Ajax (2018\/19 e 2019\/20).<\/p>\n<p>Formado no Ponte Frielas e no Benfica, o jogador de 1,91 metros de altura iniciou a carreira como s\u00e9nior na equipa B encarnada, ao participar em 86 desafios entre as temporadas 2012\/13 e 2014\/15, e representou o Vit\u00f3ria de Set\u00fabal na temporada 2016\/17, cedido pelas \u00e1guias.<\/p>\n<p>Bruno Varela regressou ao clube da Luz na \u00e9poca seguinte para disputar 35 jogos oficiais pela equipa principal.<\/p>\n<p><strong>A mensagem de despedida do Vit\u00f3ria:<\/strong><\/p>\n","protected":false},"excerpt":{"rendered":"Bruno Varela \u00e9 refor\u00e7o do Al-Hazem, clube rec\u00e9m-promovido ao principal escal\u00e3o da Ar\u00e1bia Saudita, ap\u00f3s cinco \u00e9pocas ao&hellip;\n","protected":false},"author":2,"featured_media":47106,"comment_status":"","ping_status":"","sticky":false,"template":"","format":"standard","meta":{"footnotes":""},"categories":[87],"tags":[14086,1145,14085,135,36,46,32,33,47,134,35,2119],"class_list":{"0":"post-47105","1":"post","2":"type-post","3":"status-publish","4":"format-standard","5":"has-post-thumbnail","7":"category-desporto","8":"tag-al-hazem","9":"tag-arabia-saudita","10":"tag-bruno-varela","11":"tag-desporto","12":"tag-liga","13":"tag-maisfutebol","14":"tag-portugal","15":"tag-pt","16":"tag-pura-paixao","17":"tag-sports","18":"tag-transferencias","19":"tag-vitoria-guimaraes"},"share_on_mastodon":{"url":"","error":""},"_links":{"self":[{"href":"https:\/\/www.europesays.com\/pt\/wp-json\/wp\/v2\/posts\/47105","targetHints":{"allow":["GET"]}}],"collection":[{"href":"https:\/\/www.europesays.com\/pt\/wp-json\/wp\/v2\/posts"}],"about":[{"href":"https:\/\/www.europesays.com\/pt\/wp-json\/wp\/v2\/types\/post"}],"author":[{"embeddable":true,"href":"https:\/\/www.europesays.com\/pt\/wp-json\/wp\/v2\/users\/2"}],"replies":[{"embeddable":true,"href":"https:\/\/www.europesays.com\/pt\/wp-json\/wp\/v2\/comments?post=47105"}],"version-history":[{"count":0,"href":"https:\/\/www.europesays.com\/pt\/wp-json\/wp\/v2\/posts\/47105\/revisions"}],"wp:featuredmedia":[{"embeddable":true,"href":"https:\/\/www.europesays.com\/pt\/wp-json\/wp\/v2\/media\/47106"}],"wp:attachment":[{"href":"https:\/\/www.europesays.com\/pt\/wp-json\/wp\/v2\/media?parent=47105"}],"wp:term":[{"taxonomy":"category","embeddable":true,"href":"https:\/\/www.europesays.com\/pt\/wp-json\/wp\/v2\/categories?post=47105"},{"taxonomy":"post_tag","embeddable":true,"href":"https:\/\/www.europesays.com\/pt\/wp-json\/wp\/v2\/tags?post=47105"}],"curies":[{"name":"wp","href":"https:\/\/api.w.org\/{rel}","templated":true}]}}