{"id":471350,"date":"2026-08-02T13:16:19","date_gmt":"2026-08-02T13:16:19","guid":{"rendered":"https:\/\/www.europesays.com\/pt\/471350\/"},"modified":"2026-08-02T13:16:19","modified_gmt":"2026-08-02T13:16:19","slug":"cristina-ferreira-ja-chegou-ao-novo-destino-de-ferias-e-as-primeiras-fotografias-sao-de-tirar-o-folego-noticias-de-hoje","status":"publish","type":"post","link":"https:\/\/www.europesays.com\/pt\/471350\/","title":{"rendered":"Cristina Ferreira j\u00e1 chegou ao novo destino de f\u00e9rias e as primeiras fotografias s\u00e3o de tirar o f\u00f4lego | Not\u00edcias de hoje"},"content":{"rendered":"<p>As f\u00e9rias de Cristina Ferreira j\u00e1 come\u00e7aram e as primeiras imagens do novo destino est\u00e3o a dar que falar. Este domingo, 2 de agosto, a apresentadora da TVI recorreu \u00e0s redes sociais para mostrar alguns momentos da viagem e revelar o cen\u00e1rio paradis\u00edaco escolhido para desfrutar dos dias de descanso.<\/p>\n<p>O primeiro registo partilhado foi captado ainda durante a viagem, com Cristina Ferreira a surgir a bordo de um avi\u00e3o, antecipando o in\u00edcio de mais umas f\u00e9rias.<\/p>\n<p>Pouco depois, a comunicadora revelou finalmente o destino atrav\u00e9s de v\u00e1rias fotografias onde o azul do mar, a areia e o sol s\u00e3o os grandes protagonistas, deixando os seguidores rendidos ao cen\u00e1rio de sonho.<\/p>\n<p>Mas, nem mesmo durante as f\u00e9rias, Cristina Ferreira abdica dos seus h\u00e1bitos. Numa nova publica\u00e7\u00e3o, mostrou-se a caminhar e fez quest\u00e3o de revelar que continua focada no bem-estar f\u00edsico. &#8220;A sa\u00fade n\u00e3o tira f\u00e9rias. J\u00e1 fiz metade dos passos do dia. Logo, chego aos 10000&#8221;, escreveu, na legenda de uma partilha em que surge a caminhar.\u00a0<\/p>\n<p><strong>Pode ver, na nossa galeria, as fotos do novo destino de f\u00e9rias de Cristina Ferreira<\/strong><\/p>\n","protected":false},"excerpt":{"rendered":"As f\u00e9rias de Cristina Ferreira j\u00e1 come\u00e7aram e as primeiras imagens do novo destino est\u00e3o a dar que&hellip;\n","protected":false},"author":2,"featured_media":471351,"comment_status":"","ping_status":"","sticky":false,"template":"","format":"standard","meta":{"footnotes":"","_share_on_mastodon":"0"},"categories":[145],"tags":[75568,75570,211,210,166,75566,114,115,3755,75564,488,186,75569,13,75565,75572,32,75567,33,75571,1080],"class_list":["post-471350","post","type-post","status-publish","format-standard","has-post-thumbnail","category-celebridades","tag-a-bordo-de-aviao","tag-areia-e-sol","tag-celebridades","tag-celebrities","tag-cristina-ferreira","tag-destino-de-ferias","tag-entertainment","tag-entretenimento","tag-ferias","tag-ferias-de-cristina-ferreira","tag-iol","tag-lifestyle","tag-mar-azul","tag-noticias","tag-novo-destino","tag-passos-do-dia","tag-portugal","tag-primeiras-fotografias","tag-pt","tag-rotina-de-bem-estar","tag-viagens"],"share_on_mastodon":{"url":"https:\/\/pubeurope.com\/@pt\/117026107296342012","error":""},"_links":{"self":[{"href":"https:\/\/www.europesays.com\/pt\/wp-json\/wp\/v2\/posts\/471350","targetHints":{"allow":["GET"]}}],"collection":[{"href":"https:\/\/www.europesays.com\/pt\/wp-json\/wp\/v2\/posts"}],"about":[{"href":"https:\/\/www.europesays.com\/pt\/wp-json\/wp\/v2\/types\/post"}],"author":[{"embeddable":true,"href":"https:\/\/www.europesays.com\/pt\/wp-json\/wp\/v2\/users\/2"}],"replies":[{"embeddable":true,"href":"https:\/\/www.europesays.com\/pt\/wp-json\/wp\/v2\/comments?post=471350"}],"version-history":[{"count":0,"href":"https:\/\/www.europesays.com\/pt\/wp-json\/wp\/v2\/posts\/471350\/revisions"}],"wp:featuredmedia":[{"embeddable":true,"href":"https:\/\/www.europesays.com\/pt\/wp-json\/wp\/v2\/media\/471351"}],"wp:attachment":[{"href":"https:\/\/www.europesays.com\/pt\/wp-json\/wp\/v2\/media?parent=471350"}],"wp:term":[{"taxonomy":"category","embeddable":true,"href":"https:\/\/www.europesays.com\/pt\/wp-json\/wp\/v2\/categories?post=471350"},{"taxonomy":"post_tag","embeddable":true,"href":"https:\/\/www.europesays.com\/pt\/wp-json\/wp\/v2\/tags?post=471350"}],"curies":[{"name":"wp","href":"https:\/\/api.w.org\/{rel}","templated":true}]}}