{"id":47143,"date":"2025-08-27T10:00:23","date_gmt":"2025-08-27T10:00:23","guid":{"rendered":"https:\/\/www.europesays.com\/pt\/47143\/"},"modified":"2025-08-27T10:00:23","modified_gmt":"2025-08-27T10:00:23","slug":"pepe-esta-fora-do-classico-fc-porto","status":"publish","type":"post","link":"https:\/\/www.europesays.com\/pt\/47143\/","title":{"rendered":"Pep\u00ea est\u00e1 fora do cl\u00e1ssico &#8211; FC Porto"},"content":{"rendered":"<p>                    07:33<\/p>\n<p>Foi submetido a nova interven\u00e7\u00e3o no olho, na segunda-feira<\/p>\n<p class=\"\">&#13;<br \/>\n        Pep\u00ea est\u00e1 de fora das op\u00e7\u00f5es de Francesco Farioli para o cl\u00e1ssico frente ao Sporting. O extremo, de 28 anos, foi novamente intervencionado ao olho direito, na segunda-feira, devido ao traumatismo com les\u00e3o ocular que sofreu no treino da passada sexta-feira, e n\u00e3o recupera a tempo de ajudar a equipa no pr\u00f3ximo s\u00e1bado. Esta interven\u00e7\u00e3o, ao que apur\u00e1mos, decorreu na Casa de Sa\u00fade da Boavista.&#13;\n    <\/p>\n<p>                        Para ler TODOS OS ARTIGOS RECORD PREMIUM durante o dia 27.08.2025 insira o seu n\u00famero de telem\u00f3vel e clique em OK<\/p>\n<p>Consulte a aplica\u00e7\u00e3o MBway no seu telem\u00f3vel e aceite a transa\u00e7\u00e3o&#13;\n                    <\/p>\n<p>                        Os seus dados n\u00e3o ser\u00e3o guardados pelo Record<\/p>\n<p>                    Por Record<\/p>\n","protected":false},"excerpt":{"rendered":"07:33 Foi submetido a nova interven\u00e7\u00e3o no olho, na segunda-feira &#13; Pep\u00ea est\u00e1 de fora das op\u00e7\u00f5es de&hellip;\n","protected":false},"author":2,"featured_media":47144,"comment_status":"","ping_status":"","sticky":false,"template":"","format":"standard","meta":{"footnotes":""},"categories":[87],"tags":[135,32,33,134],"class_list":{"0":"post-47143","1":"post","2":"type-post","3":"status-publish","4":"format-standard","5":"has-post-thumbnail","7":"category-desporto","8":"tag-desporto","9":"tag-portugal","10":"tag-pt","11":"tag-sports"},"share_on_mastodon":{"url":"","error":""},"_links":{"self":[{"href":"https:\/\/www.europesays.com\/pt\/wp-json\/wp\/v2\/posts\/47143","targetHints":{"allow":["GET"]}}],"collection":[{"href":"https:\/\/www.europesays.com\/pt\/wp-json\/wp\/v2\/posts"}],"about":[{"href":"https:\/\/www.europesays.com\/pt\/wp-json\/wp\/v2\/types\/post"}],"author":[{"embeddable":true,"href":"https:\/\/www.europesays.com\/pt\/wp-json\/wp\/v2\/users\/2"}],"replies":[{"embeddable":true,"href":"https:\/\/www.europesays.com\/pt\/wp-json\/wp\/v2\/comments?post=47143"}],"version-history":[{"count":0,"href":"https:\/\/www.europesays.com\/pt\/wp-json\/wp\/v2\/posts\/47143\/revisions"}],"wp:featuredmedia":[{"embeddable":true,"href":"https:\/\/www.europesays.com\/pt\/wp-json\/wp\/v2\/media\/47144"}],"wp:attachment":[{"href":"https:\/\/www.europesays.com\/pt\/wp-json\/wp\/v2\/media?parent=47143"}],"wp:term":[{"taxonomy":"category","embeddable":true,"href":"https:\/\/www.europesays.com\/pt\/wp-json\/wp\/v2\/categories?post=47143"},{"taxonomy":"post_tag","embeddable":true,"href":"https:\/\/www.europesays.com\/pt\/wp-json\/wp\/v2\/tags?post=47143"}],"curies":[{"name":"wp","href":"https:\/\/api.w.org\/{rel}","templated":true}]}}