{"id":471652,"date":"2026-08-02T18:27:14","date_gmt":"2026-08-02T18:27:14","guid":{"rendered":"https:\/\/www.europesays.com\/pt\/471652\/"},"modified":"2026-08-02T18:27:14","modified_gmt":"2026-08-02T18:27:14","slug":"flensburg-confirma-contratacao-de-2-craques-do-sporting-para-2027-28","status":"publish","type":"post","link":"https:\/\/www.europesays.com\/pt\/471652\/","title":{"rendered":"Flensburg confirma contrata\u00e7\u00e3o de 2 craques do Sporting para 2027\/28"},"content":{"rendered":"<p>&#8211; Advertisement &#8211;<\/p>\n<p><strong>O Flensburg anunciou durante este domingo que assegurou as contrata\u00e7\u00f5es de Martim Costa e Kiko Costa para 2027\/28.<\/strong><\/p>\n<p class=\"wp-block-paragraph\">O Flensburg confirmou durante este domingo as contrata\u00e7\u00f5es de Martim Costa e Kiko Costa, dois dos craques do Sporting na modalidade de andebol. Os dois irm\u00e3os, filhos de <a href=\"https:\/\/bolanarede.pt\/etiqueta\/ricardo-costa\/\" target=\"_blank\" rel=\"noreferrer noopener nofollow\">Ricardo Costa<\/a>, v\u00e3o assim mudar-se para a Alemanha em 2027\/28, passando ainda mais uma \u00e9poca no Jo\u00e3o Rocha:<\/p>\n<p class=\"wp-block-paragraph\">\u00abBem-vindos \u00e0 fam\u00edlia, Martim e Kiko Costa. Os dois irm\u00e3os chegam ao cais de Flensburg em 2027. Por respeito a toda a fam\u00edlia do Sporting Clube de Portugal, iremos abster-nos de publicar v\u00eddeos e imagens e aguardamos os dois jogadores em 2027\/28\u00bb.<\/p>\n<p class=\"wp-block-paragraph\">Martim Costa tem 23 anos e pode atuar como lateral esquerdo e como central. Em 2025\/26 realizou 48 encontros, com 271 golos. J\u00e1 Kiko Costa tem 21 anos e \u00e9 capaz de jogar a ponta direita e a lateral direito. Na \u00faltima temporada fez 47 partidas e 325 tentos.<\/p>\n<blockquote class=\"instagram-media\" data-instgrm-captioned=\"\" data-instgrm-permalink=\"https:\/\/www.instagram.com\/p\/DbilC_zFbTD\/?utm_source=ig_embed&amp;utm_campaign=loading\" data-instgrm-version=\"14\" style=\" background:#FFF; border:0; border-radius:3px; box-shadow:0 0 1px 0 rgba(0,0,0,0.5),0 1px 10px 0 rgba(0,0,0,0.15); margin: 1px; max-width:540px; min-width:326px; padding:0; width:99.375%; width:-webkit-calc(100% - 2px); width:calc(100% - 2px);\"\/>\n<p><script async src=\"\/\/www.instagram.com\/embed.js\"><\/script><\/p>\n","protected":false},"excerpt":{"rendered":"&#8211; Advertisement &#8211; O Flensburg anunciou durante este domingo que assegurou as contrata\u00e7\u00f5es de Martim Costa e Kiko&hellip;\n","protected":false},"author":2,"featured_media":471653,"comment_status":"","ping_status":"","sticky":false,"template":"","format":"standard","meta":{"footnotes":"","_share_on_mastodon":"0"},"categories":[87],"tags":[260,135,478,58688,46602,45554,32,33,34,134],"class_list":["post-471652","post","type-post","status-publish","format-standard","has-post-thumbnail","category-desporto","tag-atualidade","tag-desporto","tag-destaques-bnr","tag-flensburg","tag-kiko-costa","tag-martim-costa","tag-portugal","tag-pt","tag-sporting","tag-sports"],"share_on_mastodon":{"url":"https:\/\/pubeurope.com\/@pt\/117027330238077856","error":""},"_links":{"self":[{"href":"https:\/\/www.europesays.com\/pt\/wp-json\/wp\/v2\/posts\/471652","targetHints":{"allow":["GET"]}}],"collection":[{"href":"https:\/\/www.europesays.com\/pt\/wp-json\/wp\/v2\/posts"}],"about":[{"href":"https:\/\/www.europesays.com\/pt\/wp-json\/wp\/v2\/types\/post"}],"author":[{"embeddable":true,"href":"https:\/\/www.europesays.com\/pt\/wp-json\/wp\/v2\/users\/2"}],"replies":[{"embeddable":true,"href":"https:\/\/www.europesays.com\/pt\/wp-json\/wp\/v2\/comments?post=471652"}],"version-history":[{"count":0,"href":"https:\/\/www.europesays.com\/pt\/wp-json\/wp\/v2\/posts\/471652\/revisions"}],"wp:featuredmedia":[{"embeddable":true,"href":"https:\/\/www.europesays.com\/pt\/wp-json\/wp\/v2\/media\/471653"}],"wp:attachment":[{"href":"https:\/\/www.europesays.com\/pt\/wp-json\/wp\/v2\/media?parent=471652"}],"wp:term":[{"taxonomy":"category","embeddable":true,"href":"https:\/\/www.europesays.com\/pt\/wp-json\/wp\/v2\/categories?post=471652"},{"taxonomy":"post_tag","embeddable":true,"href":"https:\/\/www.europesays.com\/pt\/wp-json\/wp\/v2\/tags?post=471652"}],"curies":[{"name":"wp","href":"https:\/\/api.w.org\/{rel}","templated":true}]}}