{"id":471662,"date":"2026-08-02T18:35:40","date_gmt":"2026-08-02T18:35:40","guid":{"rendered":"https:\/\/www.europesays.com\/pt\/471662\/"},"modified":"2026-08-02T18:35:40","modified_gmt":"2026-08-02T18:35:40","slug":"os-40-dias-que-mudaram-a-vida-de-vozinha-observador","status":"publish","type":"post","link":"https:\/\/www.europesays.com\/pt\/471662\/","title":{"rendered":"Os 40 dias que mudaram a vida de Vozinha \u2013 Observador"},"content":{"rendered":"<p>Com propostas do Brasil, de Portugal e da Ar\u00e1bia Saudita, o \u00faltimo rumor acabou por ser o \u00fanico a revelar-se verdadeiro. Nas \u00faltimas semanas, <strong>Vozinha foi constantemente associado ao Colo-Colo, hist\u00f3rico clube do Chile<\/strong> que procurava um guarda-redes e tinha o cabo-verdiano numa lista muito restrita que tamb\u00e9m inclu\u00eda Santiago Mele, uruguaio do Monterrey. No fim, entre uma declara\u00e7\u00e3o do presidente e uma publica\u00e7\u00e3o s\u00f3 com os carac\u00f3is do cabelo do cabo-verdiano, o neg\u00f3cio foi mesmo confirmado.<\/p>\n<p><strong>\u201cVozinha vai ser jogador do Colo-Colo.<\/strong> Temos um acordo, est\u00e3o a ser afinados os \u00faltimos detalhes. Mas j\u00e1 temos a confirma\u00e7\u00e3o do seu entorno e do seu representante. Cheg\u00e1mos a um acordo com base numa proposta que apresent\u00e1mos. Vai viajar para o Chile nos pr\u00f3ximos dias, vai passar por exames e depois ser\u00e1 apresentado aqui no Est\u00e1dio Monumental\u201d, come\u00e7ou por dizer An\u00edbal Mosa, garantindo que a contrata\u00e7\u00e3o n\u00e3o era apenas um golpe de marketing, tal como o guarda-redes tinha exigido.<\/p>\n<p>\u201cAcho que re\u00fane as duas condi\u00e7\u00f5es. Desportivamente vimos o desempenho que ele teve no Mundial, \u00e9 um guarda-redes que re\u00fane as condi\u00e7\u00f5es necess\u00e1rias para estar aqui no Colo-Colo. \u00c9 \u00f3bvio que n\u00e3o \u00e9 apenas \u2018marketing\u2019. <strong>Est\u00e1 apto desportivamente, est\u00e1 em condi\u00e7\u00f5es, por isso \u00e9 que o trazemos.<\/strong> \u00c9 um jogador que tem uma conota\u00e7\u00e3o mundial muito grande e isso tamb\u00e9m nos interessa, porque faz com que o nosso clube tamb\u00e9m esteja em evid\u00eancia\u201d, acrescentou.<\/p>\n<blockquote class=\"twitter-tweet\" data-width=\"500\" data-dnt=\"true\">\n<p lang=\"es\" dir=\"ltr\">???????????????????????????????????????? <br \/>????????????????????????????<br \/>????????????-????????????????????<\/p>\n<p>Te esperamos en el Estadio Monumental ????\u26aa\ufe0f\u26ab\ufe0f<a href=\"https:\/\/x.com\/hashtag\/VamosCacique?src=hash&amp;ref_src=twsrc%5Etfw\" rel=\"nofollow\">#VamosCacique<\/a> <a href=\"https:\/\/t.co\/ymqPvFTYGS\" rel=\"nofollow\">pic.twitter.com\/ymqPvFTYGS<\/a><\/p>\n<p>\u2014 Colo-Colo (@ColoColo) <a href=\"https:\/\/x.com\/ColoColo\/status\/2080808448715825290?ref_src=twsrc%5Etfw\" rel=\"nofollow\">July 25, 2026<\/a><\/p>\n<\/blockquote>\n<p>De acordo com a comunica\u00e7\u00e3o social chilena, Vozinha assinou um contrato v\u00e1lido por 18 meses e vai ganhar cerca de 44 mil euros por m\u00eas, 528 mil euros por ano, valores que fazem com que este seja desde j\u00e1 o maior contrato da carreira do cabo-verdiano. <strong>Ainda assim, est\u00e1 longe de ser o mais bem pago do plantel:<\/strong> Arturo Vidal, \u00edcone chileno que passou por Juventus, Bayern, Barcelona e Inter, ganha mais do dobro por m\u00eas, cerca de 107 mil euros.<\/p>\n<p>Sem que tenha sido apresentado oficialmente em Santiago, a capital do Chile, o guarda-redes j\u00e1 est\u00e1 a protagonizar pedidos de exce\u00e7\u00e3o no futebol do pa\u00eds. Isto porque o regulamento da Asociaci\u00f3n Nacional de F\u00fatbol Profesional, o organismo que gere o Campeonato, <strong>n\u00e3o permite que os jogadores atuem com alcunhas na camisola,<\/strong> autorizando apenas o primeiro nome ou os apelidos que est\u00e3o legalmente nos documentos de identifica\u00e7\u00e3o. Ou seja, Vozinha n\u00e3o poderia jogar com Vozinha nas costas \u2013 somente com \u00c9vora ou Dias. O Colo-Colo, por\u00e9m, est\u00e1 a tentar contornar a situa\u00e7\u00e3o e j\u00e1 fez um pedido formal para que seja concedida uma exce\u00e7\u00e3o ao cabo-verdiano.<\/p>\n<blockquote class=\"twitter-tweet\" data-width=\"500\" data-dnt=\"true\">\n<p lang=\"es\" dir=\"ltr\">Cuando dos h\u00e9roes que creen que todos pueden marcar la diferencia se unen, pueden suceder cosas incre\u00edbles. No se pierdan <a href=\"https:\/\/x.com\/hashtag\/SpiderManUnNuevoD%C3%ADa?src=hash&amp;ref_src=twsrc%5Etfw\" rel=\"nofollow\">#SpiderManUnNuevoD\u00eda<\/a>. <br \/>Ya en cines. ????\ufe0f????\ufe0f <a href=\"https:\/\/t.co\/d7Jh4flBHc\" rel=\"nofollow\">pic.twitter.com\/d7Jh4flBHc<\/a><\/p>\n<p>\u2014 SonyPicturesMX (@SonyPicturesMX) <a href=\"https:\/\/x.com\/SonyPicturesMX\/status\/2082873861922607362?ref_src=twsrc%5Etfw\" rel=\"nofollow\">July 30, 2026<\/a><\/p>\n<\/blockquote>\n<p>Entretanto, num novo cap\u00edtulo da ascens\u00e3o mete\u00f3rica de Vozinha, o guarda-redes foi escolhido pela Sony Pictures para ser <strong>o protagonista de um dos an\u00fancios a \u201cHomem-Aranha: Um Novo Dia\u201d,<\/strong> o novo filme do super-her\u00f3i que estreou nos \u00faltimos dias. Filmado em S\u00e3o Vicente, no Campo do Bitim, o curto v\u00eddeo mostra o cabo-verdiano no centro do relvado com uma camisola com motivos do Homem-Aranha, lembrando que \u201cser um her\u00f3i n\u00e3o \u00e9 sobre ter superpoderes, \u00e9 sobre proteger algu\u00e9m mais importante do que n\u00f3s\u201d.<\/p>\n<p>Certo \u00e9 que, com Vozinha, \u00c9vora ou Dias nas costas, o guarda-redes vai mesmo mudar-se para o Chile e assinar um contrato que pode resolver uma vida que explodiu aos 40 anos. Pelo meio, concretiza os sonhos de quando tinha 18. \u201cTrabalhei a vida toda para momentos destes. Tenho 40 anos, s\u00f3 fui profissional aos 25. \u00c9 uma recompensa por toda essa jornada. Se pudesse, dizia ao Vozinha de 18 anos que pode estar muito orgulhoso dele pr\u00f3prio. Trabalhou muito. <strong>Honestamente, nem sequer sonhava com coisas destas quando era mi\u00fado.<\/strong> Mas depois de tudo isto posso mesmo dizer ao meu eu adolescente que tudo valeu a pena\u201d, explicou ainda durante o Campeonato do Mundo.<\/p>\n<p>                    <script async src=\"https:\/\/platform.twitter.com\/widgets.js\" charset=\"utf-8\"><\/script><\/p>\n","protected":false},"excerpt":{"rendered":"Com propostas do Brasil, de Portugal e da Ar\u00e1bia Saudita, o \u00faltimo rumor acabou por ser o \u00fanico&hellip;\n","protected":false},"author":2,"featured_media":471663,"comment_status":"","ping_status":"","sticky":false,"template":"","format":"standard","meta":{"footnotes":"","_share_on_mastodon":"0"},"categories":[145],"tags":[2714,211,210,135,114,115,524,12632,62,32,33,17059,1064],"class_list":["post-471662","post","type-post","status-publish","format-standard","has-post-thumbnail","category-celebridades","tag-cabo-verde","tag-celebridades","tag-celebrities","tag-desporto","tag-entertainment","tag-entretenimento","tag-futebol","tag-mundial-2026","tag-mundo","tag-portugal","tag-pt","tag-seleu00e7u00e3o-nacional","tag-u00c1frica"],"share_on_mastodon":{"url":"https:\/\/pubeurope.com\/@pt\/117027361645825640","error":""},"_links":{"self":[{"href":"https:\/\/www.europesays.com\/pt\/wp-json\/wp\/v2\/posts\/471662","targetHints":{"allow":["GET"]}}],"collection":[{"href":"https:\/\/www.europesays.com\/pt\/wp-json\/wp\/v2\/posts"}],"about":[{"href":"https:\/\/www.europesays.com\/pt\/wp-json\/wp\/v2\/types\/post"}],"author":[{"embeddable":true,"href":"https:\/\/www.europesays.com\/pt\/wp-json\/wp\/v2\/users\/2"}],"replies":[{"embeddable":true,"href":"https:\/\/www.europesays.com\/pt\/wp-json\/wp\/v2\/comments?post=471662"}],"version-history":[{"count":0,"href":"https:\/\/www.europesays.com\/pt\/wp-json\/wp\/v2\/posts\/471662\/revisions"}],"wp:featuredmedia":[{"embeddable":true,"href":"https:\/\/www.europesays.com\/pt\/wp-json\/wp\/v2\/media\/471663"}],"wp:attachment":[{"href":"https:\/\/www.europesays.com\/pt\/wp-json\/wp\/v2\/media?parent=471662"}],"wp:term":[{"taxonomy":"category","embeddable":true,"href":"https:\/\/www.europesays.com\/pt\/wp-json\/wp\/v2\/categories?post=471662"},{"taxonomy":"post_tag","embeddable":true,"href":"https:\/\/www.europesays.com\/pt\/wp-json\/wp\/v2\/tags?post=471662"}],"curies":[{"name":"wp","href":"https:\/\/api.w.org\/{rel}","templated":true}]}}