{"id":471876,"date":"2026-08-02T22:23:12","date_gmt":"2026-08-02T22:23:12","guid":{"rendered":"https:\/\/www.europesays.com\/pt\/471876\/"},"modified":"2026-08-02T22:23:12","modified_gmt":"2026-08-02T22:23:12","slug":"action-lanca-a-mala-de-porao-ao-preco-mais-baixo-de-sempre","status":"publish","type":"post","link":"https:\/\/www.europesays.com\/pt\/471876\/","title":{"rendered":"Action lan\u00e7a a mala de por\u00e3o ao pre\u00e7o mais baixo de sempre"},"content":{"rendered":"<p>Quem vai viajar em breve e ainda n\u00e3o tem mala de por\u00e3o como deve ser, vai gostar disto! Assim sendo a Action est\u00e1 com a <a href=\"https:\/\/www.action.com\/pt-pt\/p\/4000151\/mala-de-viagem-spilbergen-ibiza\/\" target=\"_blank\" rel=\"noopener nofollow\">mala de viagem<\/a>, de 93 litros, por menos de 30 euros. No entanto, \u00e9 uma promo\u00e7\u00e3o limitada.<\/p>\n<p>O problema de viajar sem espa\u00e7o a mais<\/p>\n<p>Fazer as malas para <a href=\"https:\/\/www.magazine-hd.com\/apps\/wp\/action-lanca-secador-cabelo-estilo-dyson-preco-mais-baixo-sempre-semana\/\" target=\"_blank\" rel=\"noopener nofollow\">f\u00e9rias<\/a> mais longas \u00e9 sempre um exerc\u00edcio de contas. Ou seja, roupa para v\u00e1rios dias, cal\u00e7ado extra, produtos de higiene, carregadores e ainda aquele espa\u00e7o \u201cs\u00f3 para garantir\u201d.<\/p>\n<p>Quem tem uma mala pequena de mais acaba sempre a escolher o que fica de fora ou a pagar taxas extra no aeroporto por excesso de peso.<\/p>\n<p>Assim sendo, \u00e9 precisamente aqui que entra a mala da Action, a Spilbergen Ibiza, com os 93 litros de capacidade e dimens\u00f5es de 29 x 50 x 77 cm.<\/p>\n<p>            <img decoding=\"async\" src=\"https:\/\/www.europesays.com\/pt\/wp-content\/uploads\/2026\/08\/1785709392_274_supergirl.jpg\" alt=\"Supergirl\"\/><\/p>\n<p>Quais s\u00e3o as especifica\u00e7\u00f5es?<br \/>\n<img loading=\"lazy\" decoding=\"async\" class=\"size-full wp-image-779561\" src=\"https:\/\/www.europesays.com\/pt\/wp-content\/uploads\/2026\/08\/action-mala-de-porao.webp\" alt=\"action mala de pora\u0303o\" width=\"1200\" height=\"821\"  \/>\u00a9 Action<\/p>\n<p>A mala tem quatro rodas duplas, todas com rota\u00e7\u00e3o de 360\u00b0, o que facilita bastante a manobra em corredores de aeroporto lotados ou em pisos irregulares.<\/p>\n<p>Para quem se preocupa com seguran\u00e7a, h\u00e1 um cadeado num\u00e9rico TSA integrado, o tipo de fecho reconhecido internacionalmente que permite inspe\u00e7\u00e3o por parte das autoridades aeroportu\u00e1rias sem danificar a mala.<\/p>\n<p>No interior, os dois compartimentos ajudam a manter tudo organizado. Ou seja, roupa de um lado, sapatos e acess\u00f3rios do outro, sem misturar tudo numa confus\u00e3o s\u00f3. A capa r\u00edgida protege o conte\u00fado de pancadas e \u00e9 uma escolha sensata para quem despacha bagagem com regularidade.<\/p>\n<p>Esta mala \u00e9 indicada sobretudo para f\u00e9rias mais longas, viagens em fam\u00edlia ou situa\u00e7\u00f5es em que \u00e9 preciso levar mais do que o habitual. Para escapadelas de fim de semana, h\u00e1 vers\u00f5es mais pequenas da mesma linha Ibiza, com 60 e 30 litros, tamb\u00e9m em promo\u00e7\u00e3o na Action.<\/p>\n<p>Como habitual nas <a href=\"https:\/\/www.magazine-hd.com\/apps\/wp\/action-lanca-ventoinha-mais-barata-mercado\/\" target=\"_blank\" rel=\"noopener nofollow\">promo\u00e7\u00f5es<\/a> semanais da Action, o stock costuma esgotar rapidamente nas lojas f\u00edsicas, sobretudo em modelos com boa rela\u00e7\u00e3o qualidade-pre\u00e7o como este. Esta mala de viagem da Action custa 29,95 euros, antes estava a 39,95 euros.<\/p>\n","protected":false},"excerpt":{"rendered":"Quem vai viajar em breve e ainda n\u00e3o tem mala de por\u00e3o como deve ser, vai gostar disto!&hellip;\n","protected":false},"author":2,"featured_media":471877,"comment_status":"","ping_status":"","sticky":false,"template":"","format":"standard","meta":{"footnotes":"","_share_on_mastodon":"0"},"categories":[83],"tags":[7575,88,4251,89,90,75622,75623,635,68513,32,2406,33],"class_list":["post-471876","post","type-post","status-publish","format-standard","has-post-thumbnail","category-empresas","tag-action","tag-business","tag-desconto","tag-economy","tag-empresas","tag-mala-de-porao","tag-mala-de-viagem","tag-novidade","tag-pechincha","tag-portugal","tag-promocao","tag-pt"],"share_on_mastodon":{"url":"https:\/\/pubeurope.com\/@pt\/117028258040654348","error":""},"_links":{"self":[{"href":"https:\/\/www.europesays.com\/pt\/wp-json\/wp\/v2\/posts\/471876","targetHints":{"allow":["GET"]}}],"collection":[{"href":"https:\/\/www.europesays.com\/pt\/wp-json\/wp\/v2\/posts"}],"about":[{"href":"https:\/\/www.europesays.com\/pt\/wp-json\/wp\/v2\/types\/post"}],"author":[{"embeddable":true,"href":"https:\/\/www.europesays.com\/pt\/wp-json\/wp\/v2\/users\/2"}],"replies":[{"embeddable":true,"href":"https:\/\/www.europesays.com\/pt\/wp-json\/wp\/v2\/comments?post=471876"}],"version-history":[{"count":0,"href":"https:\/\/www.europesays.com\/pt\/wp-json\/wp\/v2\/posts\/471876\/revisions"}],"wp:featuredmedia":[{"embeddable":true,"href":"https:\/\/www.europesays.com\/pt\/wp-json\/wp\/v2\/media\/471877"}],"wp:attachment":[{"href":"https:\/\/www.europesays.com\/pt\/wp-json\/wp\/v2\/media?parent=471876"}],"wp:term":[{"taxonomy":"category","embeddable":true,"href":"https:\/\/www.europesays.com\/pt\/wp-json\/wp\/v2\/categories?post=471876"},{"taxonomy":"post_tag","embeddable":true,"href":"https:\/\/www.europesays.com\/pt\/wp-json\/wp\/v2\/tags?post=471876"}],"curies":[{"name":"wp","href":"https:\/\/api.w.org\/{rel}","templated":true}]}}