{"id":472132,"date":"2026-08-03T04:54:12","date_gmt":"2026-08-03T04:54:12","guid":{"rendered":"https:\/\/www.europesays.com\/pt\/472132\/"},"modified":"2026-08-03T04:54:12","modified_gmt":"2026-08-03T04:54:12","slug":"de-volta-das-ferias-na-grecia-ana-hickmann-celebra-surpresa-em-varanda-de-casa","status":"publish","type":"post","link":"https:\/\/www.europesays.com\/pt\/472132\/","title":{"rendered":"De volta das f\u00e9rias na Gr\u00e9cia, Ana Hickmann celebra surpresa em varanda de casa"},"content":{"rendered":"<p><a href=\"https:\/\/natelinha.uol.com.br\/famosos\/tudo-sobre\/ana-hickmann\" rel=\"nofollow noopener\" target=\"_blank\">Ana Hickmann<\/a> voltou ao Brasil ap\u00f3s duas semanas de f\u00e9rias na Gr\u00e9cia e compartilhou neste domingo (2) momentos do retorno \u00e0 rotina. Ela tamb\u00e9m ficou feliz com uma surpresa que apareceu na varanda do seu quarto.<\/p>\n<p>continua depois da publicidade<\/p>\n<p>Em uma sequ\u00eancia de v\u00eddeos publicada nas redes sociais, a apresentadora falou sobre os dias de descanso, contou que o filho, Alexandre Corr\u00eaa J\u00fanior, o Alezinho, passou a praticar ciclismo e mostrou uma surpresa que encontrou na varanda de casa: as duas jabuticabeiras cultivadas em vasos voltaram a dar frutos menos de dois meses ap\u00f3s a \u00faltima colheita.<\/p>\n<p>+\u00a0<a href=\"https:\/\/natelinha.uol.com.br\/famosos\/2026\/07\/20\/em-clima-de-romance-ana-hickmann-nade-em-lago-grego-e-brinda-com-edu-guedes-244991.php\" target=\"_blank\" rel=\"noopener noreferrer nofollow\">Em clima de romance, Ana Hickmann nade em lago grego e brinda com Edu Guedes<\/a><\/p>\n<p>+\u00a0<a href=\"https:\/\/natelinha.uol.com.br\/famosos\/2026\/06\/19\/dediquei-minha-vida-para-construir-diz-ana-hickmann-ao-visitar-mansao-colocada-em-leilao-243719.php\" target=\"_blank\" rel=\"noopener noreferrer nofollow\">&#8220;Dediquei minha vida para construir&#8221;, diz Ana Hickmann ao visitar mans\u00e3o colocada em leil\u00e3o<\/a><\/p>\n<p>continua depois da publicidade<\/p>\n<p>No primeiro v\u00eddeo, Ana fez um balan\u00e7o das f\u00e9rias e explicou que havia acabado de chegar de um passeio de bicicleta com o filho.<\/p>\n<p>&#8220;Gente, de volta pra casa, de volta pro Brasil! Gente, que del\u00edcia que foram as f\u00e9rias&#8230; duas semanas de f\u00e9rias assim que de verdade, foram inesquec\u00edveis! A gente acabou de voltar da rua, o Alezinho e eu fomos dar um rol\u00ea de bike. Sim, o Alezinho agora tem o seu esporte favorito que \u00e9 bike! Com a idade dele eu vivia em cima de uma bicicleta, adorava, era a liberdade que eu tinha e ele t\u00e1 descobrindo a mesma coisa.&#8221;<\/p>\n<p>continua depois da publicidade<\/p>\n<p>Na sequ\u00eancia, a apresentadora contou que come\u00e7aria a reorganizar os compromissos profissionais e a rotina dom\u00e9stica ap\u00f3s a viagem. Ela tamb\u00e9m comentou sobre os efeitos positivos do per\u00edodo de descanso.<\/p>\n<p>&#8220;Agora eu vou ter que come\u00e7ar a me organizar com as coisas de trabalho, organizar as coisas de casa&#8230; Mas voc\u00ea tem que ter uma coisa: a minha pele, \u00f3&#8230; Olha a pele como t\u00e1 maravilhosa, gente! S\u00f3 a Gr\u00e9cia me fez muito&#8230; com certeza me fez muito, mas muito bem! N\u00e3o s\u00f3 pra pele, mas pra cabe\u00e7a, pro corpo, pra alma, pra liberdade, n\u00e9?&#8221;, afirmou.<\/p>\n<p>continua depois da publicidade<\/p>\n<p>Logo depois, Ana abriu a janela do quarto e mostrou aos seguidores o que chamou de surpresa. Ao encontrar as duas jabuticabeiras novamente carregadas de brotos e frutos, disse que a novidade tamb\u00e9m seria uma alegria para o noivo, <a href=\"https:\/\/natelinha.uol.com.br\/famosos\/tudo-sobre\/edu-guedes\" rel=\"nofollow noopener\" target=\"_blank\">Edu Guedes<\/a>.<\/p>\n<p>&#8220;E eu quero mostrar uma outra coisa. Acabei de abrir a janela aqui no nosso quarto e tem uma surpresa que eu acho que o Edu, quando ele voltar&#8230; ele foi pra rua agora comprar umas coisas&#8230; quando ele voltar, ele vai ficar muito feliz. Pela segunda vez a nossa jabuticabeira que eu coloquei aqui na varanda t\u00e1 dando fruta.&#8221;<\/p>\n<p>continua depois da publicidade<\/p>\n<p>A apresentadora lembrou que havia feito recentemente a primeira colheita das \u00e1rvores e utilizado as jabuticabas para preparar uma geleia. Segundo ela, as plantas voltaram a produzir em menos de dois meses.<\/p>\n<p>&#8220;Isso aqui \u00e9 fruta em menos de dois meses. Ela encheu de fruta, n\u00f3s fizemos a primeira colheita. Eu inclusive mostrei aqui, mostrei no canal do YouTube, fiz geleia com as jabuticabas dessas duas \u00e1rvores aqui. E agora de novo, as duas. T\u00e3o come\u00e7ando a formar flores e frutas. Juro, que del\u00edcia! Eu amo jabuticaba. Quem me acompanha sabe que essa plantinha aqui n\u00e3o pode faltar em casa.&#8221;<\/p>\n<p>continua depois da publicidade<\/p>\n<blockquote class=\"twitter-tweet\" data-lang=\"pt\" data-width=\"550\" width=\"550\"><p>\n\t\t\t\t\t\t\t\t\t<a href=\"https:\/\/twitter.com\/sitenatelinha\/status\/2084081301850644804\" rel=\"nofollow noopener\" target=\"_blank\">sitenatelinha<\/a>\n\t\t\t\t\t\t\t   <\/p><\/blockquote>\n<p>Ana Hickmann exibe \u00e1rvores<\/p>\n<p>Ana aproximou a c\u00e2mera dos galhos das \u00e1rvores para mostrar os pequenos frutos em forma\u00e7\u00e3o. Enquanto percorria os troncos das jabuticabeiras, destacou a quantidade de brotos espalhados pelos ramos.<\/p>\n<p>&#8220;Olha isso aqui. Olha que coisa mais linda esses bebezinhos. Ah! Olha! Gente, \u00e9 muita frutinha que vai sair aqui. \u00d3, j\u00e1 tem algumas grandinhas tamb\u00e9m. Olha que b\u00ean\u00e7\u00e3o, gente! Isso aqui \u00e9 que \u00e9 energia da casa. T\u00e1 leve, t\u00e1 livre. Que b\u00ean\u00e7\u00e3o! E as duas est\u00e3o desse jeito.&#8221;<\/p>\n<p>As imagens foram gravadas na varanda da resid\u00eancia da apresentadora, onde as jabuticabeiras est\u00e3o plantadas em vasos brancos.<\/p>\n<p>continua depois da publicidade<\/p>\n<p>                    <script async src=\"https:\/\/platform.twitter.com\/widgets.js\" charset=\"utf-8\"><\/script><\/p>\n","protected":false},"excerpt":{"rendered":"Ana Hickmann voltou ao Brasil ap\u00f3s duas semanas de f\u00e9rias na Gr\u00e9cia e compartilhou neste domingo (2) momentos&hellip;\n","protected":false},"author":2,"featured_media":472133,"comment_status":"","ping_status":"","sticky":false,"template":"","format":"standard","meta":{"footnotes":"","_share_on_mastodon":"0"},"categories":[145],"tags":[6500,211,210,6497,114,115,32,33],"class_list":["post-472132","post","type-post","status-publish","format-standard","has-post-thumbnail","category-celebridades","tag-ana-hickmann","tag-celebridades","tag-celebrities","tag-edu-guedes","tag-entertainment","tag-entretenimento","tag-portugal","tag-pt"],"share_on_mastodon":{"url":"https:\/\/pubeurope.com\/@pt\/117029795753357841","error":""},"_links":{"self":[{"href":"https:\/\/www.europesays.com\/pt\/wp-json\/wp\/v2\/posts\/472132","targetHints":{"allow":["GET"]}}],"collection":[{"href":"https:\/\/www.europesays.com\/pt\/wp-json\/wp\/v2\/posts"}],"about":[{"href":"https:\/\/www.europesays.com\/pt\/wp-json\/wp\/v2\/types\/post"}],"author":[{"embeddable":true,"href":"https:\/\/www.europesays.com\/pt\/wp-json\/wp\/v2\/users\/2"}],"replies":[{"embeddable":true,"href":"https:\/\/www.europesays.com\/pt\/wp-json\/wp\/v2\/comments?post=472132"}],"version-history":[{"count":0,"href":"https:\/\/www.europesays.com\/pt\/wp-json\/wp\/v2\/posts\/472132\/revisions"}],"wp:featuredmedia":[{"embeddable":true,"href":"https:\/\/www.europesays.com\/pt\/wp-json\/wp\/v2\/media\/472133"}],"wp:attachment":[{"href":"https:\/\/www.europesays.com\/pt\/wp-json\/wp\/v2\/media?parent=472132"}],"wp:term":[{"taxonomy":"category","embeddable":true,"href":"https:\/\/www.europesays.com\/pt\/wp-json\/wp\/v2\/categories?post=472132"},{"taxonomy":"post_tag","embeddable":true,"href":"https:\/\/www.europesays.com\/pt\/wp-json\/wp\/v2\/tags?post=472132"}],"curies":[{"name":"wp","href":"https:\/\/api.w.org\/{rel}","templated":true}]}}