{"id":472230,"date":"2026-08-03T07:33:08","date_gmt":"2026-08-03T07:33:08","guid":{"rendered":"https:\/\/www.europesays.com\/pt\/472230\/"},"modified":"2026-08-03T07:33:08","modified_gmt":"2026-08-03T07:33:08","slug":"espanha-observa-primeiro-eclipse-solar-total-em-mais-de-um-seculo","status":"publish","type":"post","link":"https:\/\/www.europesays.com\/pt\/472230\/","title":{"rendered":"Espanha observa primeiro eclipse solar total em mais de um s\u00e9culo"},"content":{"rendered":"<p>Um eclipse total do Sol vai atingir a Espanha continental pela primeira vez em mais de um s\u00e9culo, com um regresso ainda mais longo no ver\u00e3o seguinte.<\/p>\n<p>          <img decoding=\"async\" class=\"c-ad__placeholder__logo\" src=\"https:\/\/static.euronews.com\/website\/images\/logos\/logo-euronews-stacked-outlined-72x72-grey-9.svg\" width=\"72\" height=\"72\" alt=\"\" loading=\"lazy\"\/><br \/>\n          PUBLICIDADE<\/p>\n<p>          <img decoding=\"async\" class=\"c-ad__placeholder__logo\" src=\"https:\/\/static.euronews.com\/website\/images\/logos\/logo-euronews-stacked-outlined-72x72-grey-9.svg\" width=\"72\" height=\"72\" alt=\"\" loading=\"lazy\"\/><br \/>\n          PUBLICIDADE<\/p>\n<p>O facto torna-se ainda mais extraordin\u00e1rio se se considerar que o \u00faltimo eclipse solar total observado em Espanha, sem contar as Can\u00e1rias, ocorreu dois dias antes do naufr\u00e1gio do Titanic, em 1912.<\/p>\n<p>Como esse raro eclipse h\u00edbrido combinava um \u201canel de fogo\u201d com apenas alguns segundos de totalidade em territ\u00f3rio espanhol, h\u00e1 quem considere que o \u00faltimo grande eclipse solar no pa\u00eds tenha sido o de 1905.<\/p>\n<p>Somando uma chuva de meteoros em crescendo e um alinhamento de seis planetas no mesmo dia, os c\u00e9us v\u00e3o ficar cheios de espet\u00e1culo.<\/p>\n<p>A 12 de agosto, o c\u00e9u sobre a Pen\u00ednsula Ib\u00e9rica vai escurecer precisamente quando o Sol come\u00e7ar a p\u00f4r-se, com pequenas zonas da Gronel\u00e2ndia e da Isl\u00e2ndia a viverem o mesmo fen\u00f3meno, \u00e0 medida que Sol, Lua e Terra se alinham de forma perfeita.<\/p>\n<p>At\u00e9 l\u00e1, o percurso tamb\u00e9m \u00e9 longo. A umbra \u2014 a sombra da Lua que oculta o Sol \u2014 vai percorrer 8 260 quil\u00f3metros em cerca de uma hora e meia, na maior parte sobre as \u00e1guas desertas do Atl\u00e2ntico.<\/p>\n<p>O espet\u00e1culo come\u00e7a junto ao Polo Norte e avan\u00e7a depois para sul, com a totalidade a poder durar at\u00e9 dois minutos e 18 segundos. O m\u00e1ximo de totalidade ocorrer\u00e1 ao largo da costa oeste da Isl\u00e2ndia.<\/p>\n<p>O fen\u00f3meno termina no Mediterr\u00e2neo.<\/p>\n<p>Ca\u00e7adores de eclipses preparam-se para o espet\u00e1culo<\/p>\n<p>Centenas de milh\u00f5es de pessoas fora da zona principal tamb\u00e9m ter\u00e3o direito a um espet\u00e1culo no c\u00e9u.<\/p>\n<p>Um eclipse parcial ser\u00e1 vis\u00edvel t\u00e3o longe como o Alasca e a Sib\u00e9ria, abrangendo o Canad\u00e1, o norte dos Estados Unidos e grande parte da Europa e da \u00c1frica Ocidental.<\/p>\n<p>Quanto mais perto da faixa de totalidade, maior ser\u00e1 a por\u00e7\u00e3o do Sol ocultada pela Lua, com uma cobertura de 94% em Dublin e de 83% em Oslo. Em Montreal, cerca de 18% do disco solar ficar\u00e1 encoberto, percentagem que desce para 9% em Nova Iorque e 2% em Norfolk, na Virg\u00ednia.<\/p>\n<p>\u00d3culos especiais para observar eclipses s\u00e3o imprescind\u00edveis, mesmo que apenas uma pequena fra\u00e7\u00e3o do Sol esteja vis\u00edvel.<\/p>\n<p>A aumentar o deslumbramento c\u00f3smico, o dia come\u00e7a com seis planetas vizinhos a desenharem um arco no c\u00e9u antes do amanhecer e termina com o pico da chuva de meteoros das Perseidas, j\u00e1 depois do anoitecer e com Lua nova.<\/p>\n<p>Quem organiza sess\u00f5es de observa\u00e7\u00e3o e experi\u00eancias cient\u00edficas<\/p>\n<p>A Ag\u00eancia Espacial Europeia (ESA) vai transmitir um webcast em direto a partir do Observat\u00f3rio Astrof\u00edsico de Javalambre, em Espanha, e organizar uma celebra\u00e7\u00e3o p\u00fablica em Le\u00f3n. A NASA ter\u00e1 a sua pr\u00f3pria cobertura, tal como o projeto italiano Virtual Telescope e outras entidades.<\/p>\n<p>\u201cPara mim, n\u00e3o \u00e9 apenas um momento cient\u00edfico. N\u00e3o \u00e9 s\u00f3 um alinhamento incr\u00edvel de corpos celestes. \u00c9 tamb\u00e9m um momento profundamente humano\u201d, afirmou a diretora de ci\u00eancia da ESA, Carole Mundell. \u201c\u00c9 uma verdadeira liga\u00e7\u00e3o humana entre n\u00f3s, com os p\u00e9s assentes na Terra, e o cosmos.\u201d<\/p>\n<p>Equipas de investiga\u00e7\u00e3o de universidades norte-americanas tamb\u00e9m participam, lan\u00e7ando mais de 60 bal\u00f5es de grande altitude a partir de Espanha e da Isl\u00e2ndia para estudar a atmosfera terrestre e outras altera\u00e7\u00f5es durante o eclipse, quando a temperatura desce temporariamente.<\/p>\n<p>\u00c9 um n\u00famero dez vezes superior ao de bal\u00f5es lan\u00e7ados durante o eclipse total do Sol de 2024, que cativou a Am\u00e9rica do Norte.<\/p>\n<p>\u201cAlguns minutos n\u00e3o s\u00e3o muito tempo, mas s\u00e3o suficientes para afetar a atmosfera e criar essa sombra fria e escura da Lua sobre a Terra\u201d, afirmou Angela Des Jardins, da Montana State University, que lidera o projeto de bal\u00f5es financiado pela NASA.<\/p>\n<p>Mais espet\u00e1culos celestes a caminho<\/p>\n<p>Em 2027 est\u00e1 previsto um eclipse total do Sol excecionalmente longo, que vai oferecer quase tr\u00eas vezes mais tempo de observa\u00e7\u00e3o.<\/p>\n<p>A extremidade sul de Espanha estar\u00e1 no centro das aten\u00e7\u00f5es a 2 de agosto de 2027, com at\u00e9 seis minutos e 23 segundos de totalidade que se prolongam por Marrocos, Arg\u00e9lia, L\u00edbia, Egito, Ar\u00e1bia Saudita, I\u00e9men e Som\u00e1lia.<\/p>\n<p>Depois, a 26 de janeiro de 2028, um eclipse em \u201canel de fogo\u201d completar\u00e1 a tr\u00edade celeste de Espanha \u2014 \u201cuma coincid\u00eancia afortunada\u201d, segundo Mundell, da ESA.<\/p>\n<p>Andrei Zhukov, do Observat\u00f3rio Real da B\u00e9lgica, n\u00e3o se cansa deles, independentemente da sua dura\u00e7\u00e3o ou origem.<\/p>\n<p>A sua miss\u00e3o cient\u00edfica Proba-3 criou mais de 60 eclipses solares totais simulados nos \u00faltimos dois anos, o mais longo dos quais durou cinco horas e 38 minutos, gerado por dois sat\u00e9lites a voar em forma\u00e7\u00e3o.<\/p>\n<p>\u201cEsperamos ansiosamente mais eclipses\u201d, disse Zhukov, \u201cnaturais ou artificiais\u201d.<\/p>\n","protected":false},"excerpt":{"rendered":"Um eclipse total do Sol vai atingir a Espanha continental pela primeira vez em mais de um s\u00e9culo,&hellip;\n","protected":false},"author":2,"featured_media":472231,"comment_status":"","ping_status":"","sticky":false,"template":"","format":"standard","meta":{"footnotes":"","_share_on_mastodon":"0"},"categories":[84],"tags":[443,109,107,108,55608,24502,32,33,105,103,104,106,110],"class_list":["post-472230","post","type-post","status-publish","format-standard","has-post-thumbnail","category-ciencia-e-tecnologia","tag-astronomia","tag-ciencia","tag-ciencia-e-tecnologia","tag-cienciaetecnologia","tag-eclipse-total-do-sol","tag-investigacao-espacial","tag-portugal","tag-pt","tag-science","tag-science-and-technology","tag-scienceandtechnology","tag-technology","tag-tecnologia"],"share_on_mastodon":{"url":"https:\/\/pubeurope.com\/@pt\/117030421480412014","error":""},"_links":{"self":[{"href":"https:\/\/www.europesays.com\/pt\/wp-json\/wp\/v2\/posts\/472230","targetHints":{"allow":["GET"]}}],"collection":[{"href":"https:\/\/www.europesays.com\/pt\/wp-json\/wp\/v2\/posts"}],"about":[{"href":"https:\/\/www.europesays.com\/pt\/wp-json\/wp\/v2\/types\/post"}],"author":[{"embeddable":true,"href":"https:\/\/www.europesays.com\/pt\/wp-json\/wp\/v2\/users\/2"}],"replies":[{"embeddable":true,"href":"https:\/\/www.europesays.com\/pt\/wp-json\/wp\/v2\/comments?post=472230"}],"version-history":[{"count":0,"href":"https:\/\/www.europesays.com\/pt\/wp-json\/wp\/v2\/posts\/472230\/revisions"}],"wp:featuredmedia":[{"embeddable":true,"href":"https:\/\/www.europesays.com\/pt\/wp-json\/wp\/v2\/media\/472231"}],"wp:attachment":[{"href":"https:\/\/www.europesays.com\/pt\/wp-json\/wp\/v2\/media?parent=472230"}],"wp:term":[{"taxonomy":"category","embeddable":true,"href":"https:\/\/www.europesays.com\/pt\/wp-json\/wp\/v2\/categories?post=472230"},{"taxonomy":"post_tag","embeddable":true,"href":"https:\/\/www.europesays.com\/pt\/wp-json\/wp\/v2\/tags?post=472230"}],"curies":[{"name":"wp","href":"https:\/\/api.w.org\/{rel}","templated":true}]}}