{"id":472384,"date":"2026-08-03T10:45:24","date_gmt":"2026-08-03T10:45:24","guid":{"rendered":"https:\/\/www.europesays.com\/pt\/472384\/"},"modified":"2026-08-03T10:45:24","modified_gmt":"2026-08-03T10:45:24","slug":"relatorio-sobre-incendios-denuncia-incapacidade-sistemica-observador","status":"publish","type":"post","link":"https:\/\/www.europesays.com\/pt\/472384\/","title":{"rendered":"Relat\u00f3rio sobre inc\u00eandios denuncia &#8220;incapacidade sist\u00e9mica&#8221; \u2013 Observador"},"content":{"rendered":"<p>Em todo o relat\u00f3rio, os peritos repetem a mesma ideia sob diferentes formas: <strong>muitas das mudan\u00e7as aprovadas depois de 2017 continuam sem tradu\u00e7\u00e3o pr\u00e1tica suficiente no territ\u00f3rio e nas opera\u00e7\u00f5es.<\/strong> \u00c9 essa dist\u00e2ncia entre aquilo que foi legislado e aquilo que acontece no terreno que, na leitura da Comiss\u00e3o, ajuda a explicar por que continua Portugal a enfrentar grandes inc\u00eandios com impactos t\u00e3o elevados.<\/p>\n<p>O documento termina, por isso, menos preocupado em fazer o balan\u00e7o de 2025 do que em deixar um aviso para o futuro. Se o pa\u00eds n\u00e3o conseguir transformar em realidade as reformas que aprovou depois de Pedr\u00f3g\u00e3o Grande, dificilmente responder\u00e1 de forma diferente aos inc\u00eandios extremos que a pr\u00f3pria comunidade cient\u00edfica prev\u00ea serem cada vez mais frequentes.<\/p>\n<p>\u00c9 essa a mensagem que acaba por ficar sintetizada na \u00faltima das grandes conclus\u00f5es do relat\u00f3rio da Comiss\u00e3o: \u201cSem altera\u00e7\u00f5es estruturais, n\u00e3o se preveem melhorias relevantes para mitigar o problema dos inc\u00eandios rurais em Portugal.\u201d<\/p>\n<p>Os peritos consideram que a arquitetura institucional essencial j\u00e1 existe e que o desafio passa agora por concretizar as reformas aprovadas, refor\u00e7ar a qualifica\u00e7\u00e3o dos agentes, melhorar o comando operacional e aproximar definitivamente preven\u00e7\u00e3o e supress\u00e3o. E deixam vinte recomenda\u00e7\u00f5es ao Governo:<\/p>\n<p>Organiza\u00e7\u00e3o do sistema<\/p>\n<p>1. Aprovar um programa de execu\u00e7\u00e3o dos princ\u00edpios do Plano Nacional de Gest\u00e3o Integrada de Fogos Rurais (PNGIFR).<br \/>2. Refor\u00e7ar a especializa\u00e7\u00e3o funcional entre a Gest\u00e3o de Fogos Rurais (GFR) e a Prote\u00e7\u00e3o Civil para Inc\u00eandios Rurais (PCIR), sob a mesma unidade de comando.<\/p>\n<p>3. Integrar preven\u00e7\u00e3o e supress\u00e3o.<\/p>\n<p>Qualifica\u00e7\u00e3o e capacidade operacional<\/p>\n<p>4. Refor\u00e7ar o sistema de qualifica\u00e7\u00e3o dos agentes.<\/p>\n<p>5. Refor\u00e7ar a capacidade nacional permanente especializada em Gest\u00e3o de Fogos Rurais.<\/p>\n<p>6. Dotar a estrutura operacional da Autoridade Nacional de Emerg\u00eancia e Prote\u00e7\u00e3o Civil de uma carreira profissional.<\/p>\n<p>7. Refor\u00e7ar a capacidade da For\u00e7a Especial de Prote\u00e7\u00e3o Civil.<\/p>\n<p>8. Criar contratos-programa com responsabiliza\u00e7\u00e3o e objetivos bem definidos.<\/p>\n<p>Comando e gest\u00e3o das opera\u00e7\u00f5es<\/p>\n<p>9. Rever a forma\u00e7\u00e3o de acesso aos quadros de comando.<\/p>\n<p>10. Especializar o comando operacional em inc\u00eandios rurais.<\/p>\n<p>11. Tornar obrigat\u00f3ria a certifica\u00e7\u00e3o para o exerc\u00edcio de fun\u00e7\u00f5es de comando em inc\u00eandios rurais.<\/p>\n<p>12. Rever o sistema de gest\u00e3o de opera\u00e7\u00f5es.<\/p>\n<p>13. Melhorar a informa\u00e7\u00e3o de suporte \u00e0 gest\u00e3o operacional e o registo dos grandes inc\u00eandios.<\/p>\n<p>14. Melhorar a gest\u00e3o dos recursos humanos no dispositivo de supress\u00e3o.<\/p>\n<p>15. Racionalizar o ataque inicial em fun\u00e7\u00e3o do potencial de expans\u00e3o dos inc\u00eandios.<\/p>\n<p>Ci\u00eancia e apoio \u00e0 decis\u00e3o<\/p>\n<p>16. Dotar o IPMA de uma capacidade permanente de pirometeorologia.<\/p>\n<p>Comunica\u00e7\u00e3o e prepara\u00e7\u00e3o das popula\u00e7\u00f5es<\/p>\n<p>17. Adotar um Plano Estrat\u00e9gico de Comunica\u00e7\u00e3o Operacional durante ocorr\u00eancias de emerg\u00eancia.<\/p>\n<p>18. Estabelecer um protocolo nacional de cobertura jornal\u00edstica de inc\u00eandios.<\/p>\n<p>19. Expandir os programas Aldeia Segura e Pessoas Seguras.<\/p>\n<p>20. Aprovar um referencial nacional de capacidades e qualifica\u00e7\u00e3o dos Servi\u00e7os Municipais de Prote\u00e7\u00e3o Civil.<\/p>\n<p>As vinte recomenda\u00e7\u00f5es entregues \u00e0 Assembleia da Rep\u00fablica encerram formalmente os trabalhos da terceira Comiss\u00e3o T\u00e9cnica Independente, ainda que com grande atraso. A avalia\u00e7\u00e3o do sistema portugu\u00eas de gest\u00e3o dos fogos rurais, por\u00e9m, est\u00e1 longe de terminar. O pr\u00f3ximo grande teste chegar\u00e1 j\u00e1 nesta, ou nas pr\u00f3ximas \u00e9pocas de inc\u00eandios. Ser\u00e1 ent\u00e3o poss\u00edvel perceber se as reformas iniciadas depois de Pedr\u00f3g\u00e3o Grande come\u00e7am finalmente a traduzir-se em mudan\u00e7as efetivas no territ\u00f3rio e nas opera\u00e7\u00f5es ou se, como alertam os peritos, Portugal continuar\u00e1 a enfrentar os grandes inc\u00eandios com fragilidades estruturais que o pr\u00f3prio sistema identifica h\u00e1 v\u00e1rios anos.<\/p>\n","protected":false},"excerpt":{"rendered":"Em todo o relat\u00f3rio, os peritos repetem a mesma ideia sob diferentes formas: muitas das mudan\u00e7as aprovadas depois&hellip;\n","protected":false},"author":2,"featured_media":472385,"comment_status":"","ping_status":"","sticky":false,"template":"","format":"standard","meta":{"footnotes":"","_share_on_mastodon":"0"},"categories":[10],"tags":[59,27,28,15,16,14,2005,25,26,21,22,12,13,19,20,4532,302,32,23,24,33,58,17,18,29,30,31],"class_list":["post-472384","post","type-post","status-publish","format-standard","has-post-thumbnail","category-portugal","tag-acidente","tag-breaking-news","tag-breakingnews","tag-featured-news","tag-featurednews","tag-headlines","tag-incu00eandios","tag-latest-news","tag-latestnews","tag-main-news","tag-mainnews","tag-news","tag-noticias","tag-noticias-principais","tag-noticiasprincipais","tag-parlamento","tag-polu00edtica","tag-portugal","tag-principais-noticias","tag-principaisnoticias","tag-pt","tag-sociedade","tag-top-stories","tag-topstories","tag-ultimas","tag-ultimas-noticias","tag-ultimasnoticias"],"share_on_mastodon":{"url":"https:\/\/pubeurope.com\/@pt\/117031175780128396","error":""},"_links":{"self":[{"href":"https:\/\/www.europesays.com\/pt\/wp-json\/wp\/v2\/posts\/472384","targetHints":{"allow":["GET"]}}],"collection":[{"href":"https:\/\/www.europesays.com\/pt\/wp-json\/wp\/v2\/posts"}],"about":[{"href":"https:\/\/www.europesays.com\/pt\/wp-json\/wp\/v2\/types\/post"}],"author":[{"embeddable":true,"href":"https:\/\/www.europesays.com\/pt\/wp-json\/wp\/v2\/users\/2"}],"replies":[{"embeddable":true,"href":"https:\/\/www.europesays.com\/pt\/wp-json\/wp\/v2\/comments?post=472384"}],"version-history":[{"count":0,"href":"https:\/\/www.europesays.com\/pt\/wp-json\/wp\/v2\/posts\/472384\/revisions"}],"wp:featuredmedia":[{"embeddable":true,"href":"https:\/\/www.europesays.com\/pt\/wp-json\/wp\/v2\/media\/472385"}],"wp:attachment":[{"href":"https:\/\/www.europesays.com\/pt\/wp-json\/wp\/v2\/media?parent=472384"}],"wp:term":[{"taxonomy":"category","embeddable":true,"href":"https:\/\/www.europesays.com\/pt\/wp-json\/wp\/v2\/categories?post=472384"},{"taxonomy":"post_tag","embeddable":true,"href":"https:\/\/www.europesays.com\/pt\/wp-json\/wp\/v2\/tags?post=472384"}],"curies":[{"name":"wp","href":"https:\/\/api.w.org\/{rel}","templated":true}]}}