{"id":472470,"date":"2026-08-03T12:17:36","date_gmt":"2026-08-03T12:17:36","guid":{"rendered":"https:\/\/www.europesays.com\/pt\/472470\/"},"modified":"2026-08-03T12:17:36","modified_gmt":"2026-08-03T12:17:36","slug":"guardou-as-durante-cinco-anos-tiago-castro-o-cromio-dos-morangos-mostra-fotos-unicas-do-casamento-noticias-de-hoje","status":"publish","type":"post","link":"https:\/\/www.europesays.com\/pt\/472470\/","title":{"rendered":"Guardou-as durante cinco anos. Tiago Castro, o &#8220;Cr\u00f3mio&#8221; dos Morangos mostra fotos \u00fanicas do casamento | Not\u00edcias de hoje"},"content":{"rendered":"<p>Cinco anos depois do &#8220;sim&#8221;, Tiago Castro voltou a abrir o \u00e1lbum de um dos dias mais marcantes da sua vida. O ator, eternizado pelo papel de Cr\u00f3mio nos\u00a0<strong>Morangos com A\u00e7\u00facar,<\/strong> partilhou nas redes sociais um conjunto de fotografias in\u00e9ditas do casamento e emocionou os seguidores com uma declara\u00e7\u00e3o de amor muito especial.<\/p>\n<p>Na publica\u00e7\u00e3o em quest\u00e3o, Tiago revelou que o casal assinalou a data com uma escapadinha \u00e0 costa alentejana, onde celebrou mais um anivers\u00e1rio de casamento. Mas foram as palavras que acompanharam as imagens que mais chamaram a aten\u00e7\u00e3o.<\/p>\n<p>O ator partilhou um texto profundamente rom\u00e2ntico, escrito por Marine Antunes, sua mulher, que reflete sobre a cumplicidade constru\u00edda ao longo dos anos e o desejo de voltar a viver a mesma hist\u00f3ria, exatamente da mesma forma.<\/p>\n<p><strong>&#8220;Casa comigo outra vez e agora vamos fazer tudo igual&#8221;<\/strong>, come\u00e7a o texto, que percorre mem\u00f3rias, rotinas, desafios e conquistas partilhadas, sublinhando que o amor se fortaleceu com o passar do tempo.<\/p>\n<p>Ao longo da declara\u00e7\u00e3o, Marine Antunes recorda os pequenos momentos que definem uma rela\u00e7\u00e3o, desde as hist\u00f3rias que fazem rir vezes sem conta at\u00e9 \u00e0s dores, esperan\u00e7as, planos concretizados e outros que ficaram pelo caminho. <strong>A mensagem termina com uma das frases mais marcantes da publica\u00e7\u00e3o: &#8220;Eu amo-te mais agora do que amava antigamente.&#8221;<\/strong><\/p>\n<p>Na legenda, Tiago Castro explicou ainda que o casal celebrou a data especial na costa alentejana, deixando tamb\u00e9m uma mensagem de agradecimento pela forma como foi recebido durante a estadia.<\/p>\n<blockquote class=\"instagram-media\" data-instgrm-captioned=\"\" data-instgrm-permalink=\"https:\/\/www.instagram.com\/p\/Dbf6FrRjCTe\/?utm_source=ig_embed&amp;utm_campaign=loading\" data-instgrm-version=\"14\" style=\" background:#FFF; border:0; border-radius:3px; box-shadow:0 0 1px 0 rgba(0,0,0,0.5),0 1px 10px 0 rgba(0,0,0,0.15); margin: 1px; max-width:540px; min-width:326px; padding:0; width:99.375%; width:-webkit-calc(100% - 2px); width:calc(100% - 2px);\">\n<\/blockquote>\n<p>A partilha rapidamente reuniu centenas de rea\u00e7\u00f5es e coment\u00e1rios de carinho, com muitos seguidores a destacarem a beleza das fotografias e a emo\u00e7\u00e3o do texto, que acabou por conquistar quem acompanha a hist\u00f3ria de amor do casal.<\/p>\n<p>                        <script async src=\"\/\/www.instagram.com\/embed.js\"><\/script><\/p>\n","protected":false},"excerpt":{"rendered":"Cinco anos depois do &#8220;sim&#8221;, Tiago Castro voltou a abrir o \u00e1lbum de um dos dias mais marcantes&hellip;\n","protected":false},"author":2,"featured_media":472471,"comment_status":"","ping_status":"","sticky":false,"template":"","format":"standard","meta":{"footnotes":"","_share_on_mastodon":"0"},"categories":[142],"tags":[1435,114,115,1650,488,75720,13,32,33,75719,151],"class_list":["post-472470","post","type-post","status-publish","format-standard","has-post-thumbnail","category-tv","tag-casamento","tag-entertainment","tag-entretenimento","tag-fotos","tag-iol","tag-marine-antunes","tag-noticias","tag-portugal","tag-pt","tag-tiago-castro","tag-tv"],"share_on_mastodon":{"url":"https:\/\/pubeurope.com\/@pt\/117031537639944542","error":""},"_links":{"self":[{"href":"https:\/\/www.europesays.com\/pt\/wp-json\/wp\/v2\/posts\/472470","targetHints":{"allow":["GET"]}}],"collection":[{"href":"https:\/\/www.europesays.com\/pt\/wp-json\/wp\/v2\/posts"}],"about":[{"href":"https:\/\/www.europesays.com\/pt\/wp-json\/wp\/v2\/types\/post"}],"author":[{"embeddable":true,"href":"https:\/\/www.europesays.com\/pt\/wp-json\/wp\/v2\/users\/2"}],"replies":[{"embeddable":true,"href":"https:\/\/www.europesays.com\/pt\/wp-json\/wp\/v2\/comments?post=472470"}],"version-history":[{"count":0,"href":"https:\/\/www.europesays.com\/pt\/wp-json\/wp\/v2\/posts\/472470\/revisions"}],"wp:featuredmedia":[{"embeddable":true,"href":"https:\/\/www.europesays.com\/pt\/wp-json\/wp\/v2\/media\/472471"}],"wp:attachment":[{"href":"https:\/\/www.europesays.com\/pt\/wp-json\/wp\/v2\/media?parent=472470"}],"wp:term":[{"taxonomy":"category","embeddable":true,"href":"https:\/\/www.europesays.com\/pt\/wp-json\/wp\/v2\/categories?post=472470"},{"taxonomy":"post_tag","embeddable":true,"href":"https:\/\/www.europesays.com\/pt\/wp-json\/wp\/v2\/tags?post=472470"}],"curies":[{"name":"wp","href":"https:\/\/api.w.org\/{rel}","templated":true}]}}