{"id":472836,"date":"2026-08-03T17:18:24","date_gmt":"2026-08-03T17:18:24","guid":{"rendered":"https:\/\/www.europesays.com\/pt\/472836\/"},"modified":"2026-08-03T17:18:24","modified_gmt":"2026-08-03T17:18:24","slug":"sonia-jesus-esta-fora-do-pais-com-companhia-especial-e-o-inesperado-aconteceu-vito-reagiu-big-brother-verao-2026-ultimas-noticias-videos-e-diretos","status":"publish","type":"post","link":"https:\/\/www.europesays.com\/pt\/472836\/","title":{"rendered":"S\u00f3nia Jesus est\u00e1 fora do pa\u00eds com companhia especial e o inesperado aconteceu: Vit\u00f3 reagiu &#8211; Big Brother Ver\u00e3o 2026: \u00daltimas Not\u00edcias, V\u00eddeos e Diretos"},"content":{"rendered":"<p data-end=\"803\" data-start=\"641\"><a href=\"https:\/\/tvi.iol.pt\/bigbrother\/sonia-jesus\/filhos\/sonia-jesus-partilha-fotos-ao-lado-dos-filhos-e-deixa-fas-em-choque-estao-tao-crescidos\" rel=\"nofollow noopener\" target=\"_blank\">S\u00f3nia Jesus trocou a az\u00e1fama do dia a dia por alguns dias de descanso no estrangeiro<\/a> e tem feito quest\u00e3o de partilhar com os seguidores v\u00e1rios registos da viagem.<\/p>\n<p data-end=\"1179\" data-start=\"805\">Conhecida por manter uma rela\u00e7\u00e3o pr\u00f3xima com quem a acompanha nas redes sociais, a ex-concorrente do Big Brother publicou uma fotografia onde surge visivelmente feliz, ao lado de uma companhia muito especial, <a href=\"https:\/\/tvi.iol.pt\/bigbrother\/sonia-jesus\/mayara\/com-apenas-14-anos-filha-de-sonia-jesus-faz-declaracao-arrepiante-a-mae-sempre-que-a-vida-pesa\" rel=\"nofollow noopener\" target=\"_blank\">os seus tr\u00eas filhos<\/a>. O momento rapidamente reuniu centenas de rea\u00e7\u00f5es e coment\u00e1rios de carinho,<\/p>\n<p data-end=\"1474\" data-start=\"1233\"><a href=\"https:\/\/tvi.iol.pt\/bigbrother\/sonia-jesus\/vito\/reconciliacao-a-vista-sonia-jesus-abre-o-coracao-sobre-vito-pode-ser-que-ele-volte-para-mim\" rel=\"nofollow noopener\" target=\"_blank\">Entre as v\u00e1rias rea\u00e7\u00f5es \u00e0 publica\u00e7\u00e3o destacou-se a de Vit\u00f3<\/a>, pai dos tr\u00eas filhos de S\u00f3nia Jesus. O coment\u00e1rio deixou claro que, apesar de j\u00e1 n\u00e3o formarem um casal, os dois continuam a manter uma rela\u00e7\u00e3o de respeito, proximidade e apoio m\u00fatuo.<\/p>\n<blockquote class=\"instagram-media\" data-instgrm-captioned=\"\" data-instgrm-permalink=\"https:\/\/www.instagram.com\/p\/DbgF3mkiAX-\/?utm_source=ig_embed&amp;utm_campaign=loading\" data-instgrm-version=\"14\" style=\" background:#FFF; border:0; border-radius:3px; box-shadow:0 0 1px 0 rgba(0,0,0,0.5),0 1px 10px 0 rgba(0,0,0,0.15); margin: 1px; max-width:540px; min-width:326px; padding:0; width:99.375%; width:-webkit-calc(100% - 2px); width:calc(100% - 2px);\">\n<\/blockquote>\n<p data-end=\"1474\" data-start=\"1233\">\u00a0<\/p>\n<p data-end=\"1757\" data-start=\"1476\">Esta n\u00e3o \u00e9, ali\u00e1s, a primeira vez que ambos demonstram publicamente a boa liga\u00e7\u00e3o que preservaram depois da separa\u00e7\u00e3o. Ao longo dos \u00faltimos meses, t\u00eam sido v\u00e1rios os momentos em que fazem quest\u00e3o de apoiar um ao outro, uma postura que tem sido amplamente elogiada pelos seguidores.<\/p>\n<p data-end=\"2282\" data-is-last-node=\"\" data-is-only-node=\"\" data-start=\"1938\">A mais recente publica\u00e7\u00e3o acabou, assim, por mostrar muito mais do que um simples postal de f\u00e9rias. Al\u00e9m de revelar uma fase marcada pela tranquilidade e felicidade, voltou tamb\u00e9m a evidenciar que, apesar dos caminhos diferentes que seguiram, <a href=\"https:\/\/tvi.iol.pt\/bigbrother\/sonia-jesus\/vito\/pazes-feitas-amigo-de-sonia-jesus-levanta-suspeitas-de-reconciliacao-com-vito\" rel=\"nofollow noopener\" target=\"_blank\">S\u00f3nia Jesus e Vit\u00f3<\/a> continuam unidos naquilo que realmente importa: o respeito e a fam\u00edlia.<\/p>\n<p>                        <script async src=\"\/\/www.instagram.com\/embed.js\"><\/script><\/p>\n","protected":false},"excerpt":{"rendered":"S\u00f3nia Jesus trocou a az\u00e1fama do dia a dia por alguns dias de descanso no estrangeiro e tem&hellip;\n","protected":false},"author":2,"featured_media":472837,"comment_status":"","ping_status":"","sticky":false,"template":"","format":"standard","meta":{"footnotes":"","_share_on_mastodon":"0"},"categories":[85],"tags":[331,48,333,328,335,336,114,115,334,332,1870,330,338,13,32,33,20528,162,227,23668],"class_list":["post-472836","post","type-post","status-publish","format-standard","has-post-thumbnail","category-entretenimento","tag-big","tag-big-brother","tag-comentadores","tag-concorrentes","tag-confrontos","tag-discussoes","tag-entertainment","tag-entretenimento","tag-exclusivos","tag-expulso","tag-filhos","tag-gala","tag-maria-botelho-moniz","tag-noticias","tag-portugal","tag-pt","tag-sonia-jesus","tag-tvi","tag-videos","tag-vito"],"share_on_mastodon":{"url":"https:\/\/pubeurope.com\/@pt\/117032721381229587","error":""},"_links":{"self":[{"href":"https:\/\/www.europesays.com\/pt\/wp-json\/wp\/v2\/posts\/472836","targetHints":{"allow":["GET"]}}],"collection":[{"href":"https:\/\/www.europesays.com\/pt\/wp-json\/wp\/v2\/posts"}],"about":[{"href":"https:\/\/www.europesays.com\/pt\/wp-json\/wp\/v2\/types\/post"}],"author":[{"embeddable":true,"href":"https:\/\/www.europesays.com\/pt\/wp-json\/wp\/v2\/users\/2"}],"replies":[{"embeddable":true,"href":"https:\/\/www.europesays.com\/pt\/wp-json\/wp\/v2\/comments?post=472836"}],"version-history":[{"count":0,"href":"https:\/\/www.europesays.com\/pt\/wp-json\/wp\/v2\/posts\/472836\/revisions"}],"wp:featuredmedia":[{"embeddable":true,"href":"https:\/\/www.europesays.com\/pt\/wp-json\/wp\/v2\/media\/472837"}],"wp:attachment":[{"href":"https:\/\/www.europesays.com\/pt\/wp-json\/wp\/v2\/media?parent=472836"}],"wp:term":[{"taxonomy":"category","embeddable":true,"href":"https:\/\/www.europesays.com\/pt\/wp-json\/wp\/v2\/categories?post=472836"},{"taxonomy":"post_tag","embeddable":true,"href":"https:\/\/www.europesays.com\/pt\/wp-json\/wp\/v2\/tags?post=472836"}],"curies":[{"name":"wp","href":"https:\/\/api.w.org\/{rel}","templated":true}]}}