{"id":472943,"date":"2026-08-03T18:57:21","date_gmt":"2026-08-03T18:57:21","guid":{"rendered":"https:\/\/www.europesays.com\/pt\/472943\/"},"modified":"2026-08-03T18:57:21","modified_gmt":"2026-08-03T18:57:21","slug":"video-abel-ferreira-vence-nos-oitavos-da-taca-do-brasil","status":"publish","type":"post","link":"https:\/\/www.europesays.com\/pt\/472943\/","title":{"rendered":"V\u00cdDEO: Abel Ferreira vence nos \u00aboitavos\u00bb da Ta\u00e7a do Brasil"},"content":{"rendered":"<p>O Palmeiras, treinado por Abel Ferreira, recebeu e venceu o Fortaleza (3-0), a contar para a 1.\u00aa m\u00e3o dos \u00aboitavos\u00bb da Ta\u00e7a do Brasil.<\/p>\n<p>Apesar do triunfo confort\u00e1vel, os golos surgiram apenas no segundo tempo.\u00a0Maur\u00edcio, m\u00e9dio paraguaio, recebeu j\u00e1 dentro de \u00e1rea e atirou com muita qualidade para o primeiro (48m).<\/p>\n<p>J\u00e1 para l\u00e1 da hora de jogo, Jhon Arias, colombiano que esteve no Mundial 2026, dilatou a vantagem do verd\u00e3o. O avan\u00e7ado apareceu solto de marca\u00e7\u00e3o dentro de \u00e1rea e cabeceou para o segundo (64m).<\/p>\n<p>J\u00e1 nos minutos finais, Flaco L\u00f3pez, argentino que tamb\u00e9m esteve presente no Campeonato do Mundo, saltou do banco para fazer o gosto ao p\u00e9. Numa jogada de insist\u00eancia, o avan\u00e7ado atirou com precis\u00e3o para o terceiro (85m).<\/p>\n<p>Com este triunfo (3-0), o Palmeiras leva uma vantagem importante para a 2.\u00aa m\u00e3o, que se joga nesta quarta-feira, dia 6 de agosto, em casa do Fortaleza.\u00a0<\/p>\n","protected":false},"excerpt":{"rendered":"O Palmeiras, treinado por Abel Ferreira, recebeu e venceu o Fortaleza (3-0), a contar para a 1.\u00aa m\u00e3o&hellip;\n","protected":false},"author":2,"featured_media":472944,"comment_status":"","ping_status":"","sticky":false,"template":"","format":"standard","meta":{"footnotes":"","_share_on_mastodon":"0"},"categories":[87],"tags":[3506,726,135,1247,82,436,46,1621,32,33,47,527,5434,5920,134,7185],"class_list":["post-472943","post","type-post","status-publish","format-standard","has-post-thumbnail","category-desporto","tag-abel-ferreira","tag-brasil","tag-desporto","tag-fortaleza","tag-internacional","tag-made-in","tag-maisfutebol","tag-palmeiras","tag-portugal","tag-pt","tag-pura-paixao","tag-resultados","tag-resultados-hoje","tag-resultados-maisfutebol","tag-sports","tag-taca-do-brasil"],"share_on_mastodon":{"url":"https:\/\/pubeurope.com\/@pt\/117033111021787851","error":""},"_links":{"self":[{"href":"https:\/\/www.europesays.com\/pt\/wp-json\/wp\/v2\/posts\/472943","targetHints":{"allow":["GET"]}}],"collection":[{"href":"https:\/\/www.europesays.com\/pt\/wp-json\/wp\/v2\/posts"}],"about":[{"href":"https:\/\/www.europesays.com\/pt\/wp-json\/wp\/v2\/types\/post"}],"author":[{"embeddable":true,"href":"https:\/\/www.europesays.com\/pt\/wp-json\/wp\/v2\/users\/2"}],"replies":[{"embeddable":true,"href":"https:\/\/www.europesays.com\/pt\/wp-json\/wp\/v2\/comments?post=472943"}],"version-history":[{"count":0,"href":"https:\/\/www.europesays.com\/pt\/wp-json\/wp\/v2\/posts\/472943\/revisions"}],"wp:featuredmedia":[{"embeddable":true,"href":"https:\/\/www.europesays.com\/pt\/wp-json\/wp\/v2\/media\/472944"}],"wp:attachment":[{"href":"https:\/\/www.europesays.com\/pt\/wp-json\/wp\/v2\/media?parent=472943"}],"wp:term":[{"taxonomy":"category","embeddable":true,"href":"https:\/\/www.europesays.com\/pt\/wp-json\/wp\/v2\/categories?post=472943"},{"taxonomy":"post_tag","embeddable":true,"href":"https:\/\/www.europesays.com\/pt\/wp-json\/wp\/v2\/tags?post=472943"}],"curies":[{"name":"wp","href":"https:\/\/api.w.org\/{rel}","templated":true}]}}