{"id":472945,"date":"2026-08-03T18:58:14","date_gmt":"2026-08-03T18:58:14","guid":{"rendered":"https:\/\/www.europesays.com\/pt\/472945\/"},"modified":"2026-08-03T18:58:14","modified_gmt":"2026-08-03T18:58:14","slug":"hospital-municipal-registra-a-doacao-de-mais-3-orgaos","status":"publish","type":"post","link":"https:\/\/www.europesays.com\/pt\/472945\/","title":{"rendered":"Hospital Municipal registra a doa\u00e7\u00e3o de mais 3 \u00f3rg\u00e3os"},"content":{"rendered":"<p>&#13;<br \/>\n                        <b>Nei Jos\u00e9 Sant&#8217;Anna<\/b><br \/>&#13;<br \/>\n                Sa\u00fade&#13;\n            <\/p>\n<p>O Hospital Municipal Dr. Jos\u00e9 de Carvalho Florence, unidade da Prefeitura de S\u00e3o Jos\u00e9 dos Campos gerenciada pela SPDM (Associa\u00e7\u00e3o Paulista para o Desenvolvimento da Medicina), registrou no \u00faltimo fim de semana mais uma doa\u00e7\u00e3o de \u00f3rg\u00e3os.<\/p>\n<p>A doa\u00e7\u00e3o ocorreu ap\u00f3s a confirma\u00e7\u00e3o da morte encef\u00e1lica de um jovem de 20 anos. Com a autoriza\u00e7\u00e3o da fam\u00edlia, foram captados o f\u00edgado e os dois rins, totalizando tr\u00eas \u00f3rg\u00e3os que ir\u00e3o beneficiar e transformar a vida de tr\u00eas pacientes que aguardavam na fila de transplantes.<\/p>\n<p>O procedimento foi conduzido pela equipe m\u00e9dica da Organiza\u00e7\u00e3o de Procura de \u00d3rg\u00e3os (OPO), em parceria com profissionais do Hospital Municipal, seguindo rigorosamente todos os protocolos t\u00e9cnicos, \u00e9ticos e legais estabelecidos pelo Sistema Nacional de Transplantes.<\/p>\n<p>Um dos momentos mais marcantes do processo foi a homenagem prestada ao doador. Familiares e colaboradores do hospital formaram um corredor de aplausos durante o trajeto entre a Unidade de Terapia Intensiva (UTI) e o Centro Cir\u00fargico, onde foi realizada a capta\u00e7\u00e3o dos \u00f3rg\u00e3os. O gesto simbolizou respeito, gratid\u00e3o e reconhecimento pela coragem e generosidade da fam\u00edlia, cuja decis\u00e3o proporcionar\u00e1 uma nova oportunidade de vida a outras pessoas.<\/p>\n<p>Balan\u00e7o do ano<\/p>\n<p>Com esta capta\u00e7\u00e3o, o Hospital Municipal soma cinco doa\u00e7\u00f5es efetivadas neste ano, totalizando 28 \u00f3rg\u00e3os e tecidos captados: 3 cora\u00e7\u00f5es, 2 pulm\u00f5es, 5 f\u00edgados, 10 rins e 8 c\u00f3rneas.<\/p>\n<p>Neste ano, a unidade mant\u00e9m uma taxa de aceite familiar em torno de 67%, \u00edndice acima da m\u00e9dia nacional.<\/p>\n<p>O resultado reflete o trabalho humanizado desenvolvido pelas equipes multiprofissionais, que acolhem e orientam os familiares durante todo o processo, respeitando o momento de luto e esclarecendo todas as d\u00favidas sobre a doa\u00e7\u00e3o de \u00f3rg\u00e3os.<\/p>\n<p>\u00c9tica e transpar\u00eancia<\/p>\n<p>Por determina\u00e7\u00e3o legal e por princ\u00edpios \u00e9ticos, a identidade dos doadores de \u00f3rg\u00e3os e dos pacientes transplantados \u00e9 mantida em absoluto sigilo no Brasil.<\/p>\n<p>A medida, prevista na Lei de Transplantes, protege a privacidade das fam\u00edlias envolvidas, evita press\u00f5es emocionais e impede qualquer tipo de favorecimento ou interesse indevido no processo de doa\u00e7\u00e3o.<\/p>\n<p>O anonimato tamb\u00e9m assegura que a distribui\u00e7\u00e3o dos \u00f3rg\u00e3os ocorra exclusivamente com base em crit\u00e9rios t\u00e9cnicos e m\u00e9dicos, garantindo um sistema justo, seguro e transparente para todos os pacientes que aguardam um transplante.<\/p>\n<p>Processo de doa\u00e7\u00e3o<\/p>\n<p>A doa\u00e7\u00e3o de \u00f3rg\u00e3os s\u00f3 pode ocorrer ap\u00f3s a confirma\u00e7\u00e3o da morte encef\u00e1lica, diagn\u00f3stico realizado conforme crit\u00e9rios rigorosos definidos pela legisla\u00e7\u00e3o brasileira.<\/p>\n<p>Ap\u00f3s essa confirma\u00e7\u00e3o, a fam\u00edlia \u00e9 acolhida e informada sobre a possibilidade da doa\u00e7\u00e3o. Havendo autoriza\u00e7\u00e3o formal, o Hospital Municipal notifica a Organiza\u00e7\u00e3o de Procura de \u00d3rg\u00e3os (OPO), respons\u00e1vel por coordenar e viabilizar todo o processo de capta\u00e7\u00e3o.<\/p>\n<p>Integrante do Sistema Nacional de Transplantes, a OPO atua em conjunto com a Central de Transplantes para garantir que todas as etapas ocorram dentro dos crit\u00e9rios legais, \u00e9ticos e m\u00e9dicos. No Vale do Para\u00edba, a organiza\u00e7\u00e3o respons\u00e1vel pelo atendimento da regi\u00e3o \u00e9 vinculada \u00e0 Unicamp, em Campinas.<\/p>\n<p>O Hospital Municipal esclarece que a doa\u00e7\u00e3o de \u00f3rg\u00e3os \u00e9 um procedimento seguro e depende exclusivamente da autoriza\u00e7\u00e3o da fam\u00edlia. Por isso, conversar sobre o assunto e manifestar, ainda em vida, o desejo de ser doador \u00e9 fundamental para facilitar essa decis\u00e3o e ampliar as chances de salvar outras vidas.<\/p>\n<p>\u00a0<\/p>\n<p>&#13;<br \/>\n                    <strong>MAIS NOT\u00cdCIAS<\/strong><br \/>&#13;<br \/>\n                    <a href=\"https:\/\/www.sjc.sp.gov.br\/noticias\/?tema=13\" rel=\"nofollow noopener\" target=\"_blank\">Sa\u00fade<\/a>&#13;\n                <\/p>\n","protected":false},"excerpt":{"rendered":"&#13; Nei Jos\u00e9 Sant&#8217;Anna&#13; Sa\u00fade&#13; O Hospital Municipal Dr. Jos\u00e9 de Carvalho Florence, unidade da Prefeitura de S\u00e3o&hellip;\n","protected":false},"author":2,"featured_media":472946,"comment_status":"","ping_status":"","sticky":false,"template":"","format":"standard","meta":{"footnotes":"","_share_on_mastodon":"0"},"categories":[86],"tags":[1300,116,3048,32,3046,33,3049,117,3047],"class_list":["post-472945","post","type-post","status-publish","format-standard","has-post-thumbnail","category-saude","tag-cidade","tag-health","tag-online","tag-portugal","tag-prefeitura","tag-pt","tag-so-jos-dos-campos","tag-saude","tag-servios"],"share_on_mastodon":{"url":"https:\/\/pubeurope.com\/@pt\/117033114288207667","error":""},"_links":{"self":[{"href":"https:\/\/www.europesays.com\/pt\/wp-json\/wp\/v2\/posts\/472945","targetHints":{"allow":["GET"]}}],"collection":[{"href":"https:\/\/www.europesays.com\/pt\/wp-json\/wp\/v2\/posts"}],"about":[{"href":"https:\/\/www.europesays.com\/pt\/wp-json\/wp\/v2\/types\/post"}],"author":[{"embeddable":true,"href":"https:\/\/www.europesays.com\/pt\/wp-json\/wp\/v2\/users\/2"}],"replies":[{"embeddable":true,"href":"https:\/\/www.europesays.com\/pt\/wp-json\/wp\/v2\/comments?post=472945"}],"version-history":[{"count":0,"href":"https:\/\/www.europesays.com\/pt\/wp-json\/wp\/v2\/posts\/472945\/revisions"}],"wp:featuredmedia":[{"embeddable":true,"href":"https:\/\/www.europesays.com\/pt\/wp-json\/wp\/v2\/media\/472946"}],"wp:attachment":[{"href":"https:\/\/www.europesays.com\/pt\/wp-json\/wp\/v2\/media?parent=472945"}],"wp:term":[{"taxonomy":"category","embeddable":true,"href":"https:\/\/www.europesays.com\/pt\/wp-json\/wp\/v2\/categories?post=472945"},{"taxonomy":"post_tag","embeddable":true,"href":"https:\/\/www.europesays.com\/pt\/wp-json\/wp\/v2\/tags?post=472945"}],"curies":[{"name":"wp","href":"https:\/\/api.w.org\/{rel}","templated":true}]}}