{"id":473001,"date":"2026-08-03T19:47:32","date_gmt":"2026-08-03T19:47:32","guid":{"rendered":"https:\/\/www.europesays.com\/pt\/473001\/"},"modified":"2026-08-03T19:47:32","modified_gmt":"2026-08-03T19:47:32","slug":"festival-de-musica-na-hungria-interrompido-apos-duas-mortes-observador","status":"publish","type":"post","link":"https:\/\/www.europesays.com\/pt\/473001\/","title":{"rendered":"Festival de m\u00fasica na Hungria interrompido ap\u00f3s duas mortes \u2013 Observador"},"content":{"rendered":"<p>Os organizadores do festival de m\u00fasica h\u00fangaro Ozora decidiram interromper a programa\u00e7\u00e3o, a partir da meia-noite deste domingo, ap\u00f3s as duas mortes registadas durante o evento, um dos maiores encontros de \u2018trance\u2019 psicad\u00e9lico da Europa.<\/p>\n<p>No s\u00e1bado, um americano de 45 anos subiu a uma das estruturas decorativas que circundavam o palco principal e caiu, vindo a morrer, disse a pol\u00edcia ao \u2018site\u2019 de not\u00edcias regional h\u00fangaro FEOL.<\/p>\n<p>Antes, no mesmo dia, uma mulher h\u00fangara de 39 anos precisou de assist\u00eancia m\u00e9dica, \u201cprovavelmente devido ao calor intenso\u201d, e as tentativas de reanima\u00e7\u00e3o falharam, de acordo com a mesma fonte.<\/p>\n<p>A Hungria est\u00e1 sob n\u00edvel m\u00e1ximo de alerta de calor desde quinta-feira, com temperaturas a atingir os 40\u00b0C neste fim de semana.<\/p>\n<p>\u201cPerante estes eventos tr\u00e1gicos, <strong>todos os espet\u00e1culos musicais v\u00e3o terminar \u00e0 meia-noite de hoje [domingo]<\/strong>\u201c, comunicou a organiza\u00e7\u00e3o.<\/p>\n<p>Este domingo \u00e9 o \u00faltimo dia do festival Ozora, a decorrer desde 24 de julho em D\u00e1dpuszta, no centro do pa\u00eds, mas estava previsto que a programa\u00e7\u00e3o continuasse at\u00e9 \u00e0s primeiras horas da manh\u00e3 de segunda-feira.<\/p>\n","protected":false},"excerpt":{"rendered":"Os organizadores do festival de m\u00fasica h\u00fangaro Ozora decidiram interromper a programa\u00e7\u00e3o, a partir da meia-noite deste domingo,&hellip;\n","protected":false},"author":2,"featured_media":473002,"comment_status":"","ping_status":"","sticky":false,"template":"","format":"standard","meta":{"footnotes":"","_share_on_mastodon":"0"},"categories":[50],"tags":[27,28,315,15,16,4020,14,1991,25,26,21,22,339,62,12,13,19,20,23,24,17,18,29,30,31,63,64,65],"class_list":["post-473001","post","type-post","status-publish","format-standard","has-post-thumbnail","category-mundo","tag-breaking-news","tag-breakingnews","tag-cultura","tag-featured-news","tag-featurednews","tag-festivais-de-mu00fasica","tag-headlines","tag-hungria","tag-latest-news","tag-latestnews","tag-main-news","tag-mainnews","tag-mu00fasica","tag-mundo","tag-news","tag-noticias","tag-noticias-principais","tag-noticiasprincipais","tag-principais-noticias","tag-principaisnoticias","tag-top-stories","tag-topstories","tag-ultimas","tag-ultimas-noticias","tag-ultimasnoticias","tag-world","tag-world-news","tag-worldnews"],"share_on_mastodon":{"url":"https:\/\/pubeurope.com\/@pt\/117033307262109643","error":""},"_links":{"self":[{"href":"https:\/\/www.europesays.com\/pt\/wp-json\/wp\/v2\/posts\/473001","targetHints":{"allow":["GET"]}}],"collection":[{"href":"https:\/\/www.europesays.com\/pt\/wp-json\/wp\/v2\/posts"}],"about":[{"href":"https:\/\/www.europesays.com\/pt\/wp-json\/wp\/v2\/types\/post"}],"author":[{"embeddable":true,"href":"https:\/\/www.europesays.com\/pt\/wp-json\/wp\/v2\/users\/2"}],"replies":[{"embeddable":true,"href":"https:\/\/www.europesays.com\/pt\/wp-json\/wp\/v2\/comments?post=473001"}],"version-history":[{"count":0,"href":"https:\/\/www.europesays.com\/pt\/wp-json\/wp\/v2\/posts\/473001\/revisions"}],"wp:featuredmedia":[{"embeddable":true,"href":"https:\/\/www.europesays.com\/pt\/wp-json\/wp\/v2\/media\/473002"}],"wp:attachment":[{"href":"https:\/\/www.europesays.com\/pt\/wp-json\/wp\/v2\/media?parent=473001"}],"wp:term":[{"taxonomy":"category","embeddable":true,"href":"https:\/\/www.europesays.com\/pt\/wp-json\/wp\/v2\/categories?post=473001"},{"taxonomy":"post_tag","embeddable":true,"href":"https:\/\/www.europesays.com\/pt\/wp-json\/wp\/v2\/tags?post=473001"}],"curies":[{"name":"wp","href":"https:\/\/api.w.org\/{rel}","templated":true}]}}